{"id":17664,"date":"2017-04-21T18:45:09","date_gmt":"2017-04-21T21:45:09","guid":{"rendered":"https:\/\/eldiariodesanpedro.com.ar\/sitio\/?p=17664"},"modified":"2017-04-21T18:45:09","modified_gmt":"2017-04-21T21:45:09","slug":"san-nicolas-en-varios-allanamientos-secuestraron-marihuana-y-cocaina","status":"publish","type":"post","link":"https:\/\/eldiariodesanpedro.com.ar\/sitio\/san-nicolas-en-varios-allanamientos-secuestraron-marihuana-y-cocaina\/","title":{"rendered":"SAN NICOL\u00c1S: En varios allanamientos secuestraron marihuana y coca\u00edna"},"content":{"rendered":"<p><!-- VideographyWP Plugin Message: Automatic video embedding prevented by plugin options. --><br \/>\nEn la madrugada del jueves se cerr\u00f3 una investigaci\u00f3n sobre la venta de estupefacientes en zona norte de la ciudad. Tras ocho allanamientos se detuvieron a sujetos dedicados a la narcocriminalidad.<\/p>\n<p>Las diligencias fueron solicitadas por la UFI 1 a cargo del Dr. Patricio Mugica D\u00edaz despu\u00e9s de varios meses de investigaci\u00f3n.<br \/>\nEl foco fue una red de distribuci\u00f3n de drogas al menudeo que operaba en barrio Fraga. En ese lugar se hicieron siete cateos, el otro fue en u departamento de los monoblocs de calle Francia.<\/p>\n<p>Al cierre de las diligencias se hab\u00edan secuestra dos kilos de marihuana, compactada y en distintos estadios de su fraccionamiento para la venta; y medio kilo de coca\u00edna de m\u00e1xima pureza. Adem\u00e1s de elementos de corte, balanzas electr\u00f3nicas, dinero de baja denominaci\u00f3n, agendas y tel\u00e9fonos celulares.<\/p>\n<p>La irrupci\u00f3n en los distintos objetivos se hizo con personal de la Fiscal\u00eda, y agentes de Tr\u00e1fico de Drogas Il\u00edcitas de la Bonaerense que vinieron de otras jurisdicciones para realizar el vasto operativo.<\/p>\n<p>Por esta escalada quedaron aprehendidos varios sujetos, que en el transcurso del d\u00eda iban a comparecer ante el fiscal para definir su situaci\u00f3n procesal. (http:\/\/www.diarioelinformante.com.ar)<\/p>\n","protected":false},"excerpt":{"rendered":"<p>En la madrugada del jueves se cerr\u00f3 una investigaci\u00f3n sobre la venta de estupefacientes en zona norte de la ciudad. Tras ocho allanamientos se detuvieron a sujetos dedicados a la narcocriminalidad. Las diligencias fueron solicitadas por la UFI 1 a cargo del Dr. Patricio Mugica D\u00edaz despu\u00e9s de varios meses de investigaci\u00f3n. El foco fue [&hellip;]<\/p>\n","protected":false},"author":4,"featured_media":17665,"comment_status":"open","ping_status":"closed","sticky":false,"template":"","format":"standard","meta":{"om_disable_all_campaigns":false,"_jetpack_memberships_contains_paid_content":false,"footnotes":""},"categories":[621],"tags":[],"class_list":["post-17664","post","type-post","status-publish","format-standard","has-post-thumbnail","hentry","category-regionales"],"aioseo_notices":[],"gutentor_comment":0,"jetpack_featured_media_url":"https:\/\/eldiariodesanpedro.com.ar\/sitio\/wp-content\/uploads\/2017\/04\/La-droga-secuestrada-en-San-Nicol\u00e1s.jpg","jetpack_shortlink":"https:\/\/wp.me\/p6RhLt-4AU","jetpack_sharing_enabled":true,"_links":{"self":[{"href":"https:\/\/eldiariodesanpedro.com.ar\/sitio\/wp-json\/wp\/v2\/posts\/17664","targetHints":{"allow":["GET"]}}],"collection":[{"href":"https:\/\/eldiariodesanpedro.com.ar\/sitio\/wp-json\/wp\/v2\/posts"}],"about":[{"href":"https:\/\/eldiariodesanpedro.com.ar\/sitio\/wp-json\/wp\/v2\/types\/post"}],"author":[{"embeddable":true,"href":"https:\/\/eldiariodesanpedro.com.ar\/sitio\/wp-json\/wp\/v2\/users\/4"}],"replies":[{"embeddable":true,"href":"https:\/\/eldiariodesanpedro.com.ar\/sitio\/wp-json\/wp\/v2\/comments?post=17664"}],"version-history":[{"count":1,"href":"https:\/\/eldiariodesanpedro.com.ar\/sitio\/wp-json\/wp\/v2\/posts\/17664\/revisions"}],"predecessor-version":[{"id":17666,"href":"https:\/\/eldiariodesanpedro.com.ar\/sitio\/wp-json\/wp\/v2\/posts\/17664\/revisions\/17666"}],"wp:featuredmedia":[{"embeddable":true,"href":"https:\/\/eldiariodesanpedro.com.ar\/sitio\/wp-json\/wp\/v2\/media\/17665"}],"wp:attachment":[{"href":"https:\/\/eldiariodesanpedro.com.ar\/sitio\/wp-json\/wp\/v2\/media?parent=17664"}],"wp:term":[{"taxonomy":"category","embeddable":true,"href":"https:\/\/eldiariodesanpedro.com.ar\/sitio\/wp-json\/wp\/v2\/categories?post=17664"},{"taxonomy":"post_tag","embeddable":true,"href":"https:\/\/eldiariodesanpedro.com.ar\/sitio\/wp-json\/wp\/v2\/tags?post=17664"}],"curies":[{"name":"wp","href":"https:\/\/api.w.org\/{rel}","templated":true}]}}