{"id":17653,"date":"2017-04-21T18:32:51","date_gmt":"2017-04-21T21:32:51","guid":{"rendered":"https:\/\/eldiariodesanpedro.com.ar\/sitio\/?p=17653"},"modified":"2026-01-23T23:14:32","modified_gmt":"2026-01-24T02:14:32","slug":"comenzo-el-entubado-en-el-barrio-futuro","status":"publish","type":"post","link":"https:\/\/eldiariodesanpedro.com.ar\/sitio\/comenzo-el-entubado-en-el-barrio-futuro\/","title":{"rendered":"Comenz\u00f3 el entubado en el barrio \u201cFuturo\u201d"},"content":{"rendered":"<p><!-- VideographyWP Plugin Message: Automatic video embedding prevented by plugin options. --><br \/>\nHoy por la ma\u00f1ana el Intendente Municipal junto a integrantes del gabinete particip\u00f3 del comienzo de la obra de entubado que se lleva a cabo en calle 3 de Febrero entre Cro. Gral Belgrano y calle 66. Previamente el Jefe Comunal se lleg\u00f3 al lugar donde se est\u00e1n fabricando los tubos que luego ser\u00e1n colocados.<\/p>\n<p>\u201cFelizmente hoy se est\u00e1 empezando, es una gran obra que requer\u00eda este barrio\u201d dijo el mandatario comunal, al tiempo que agreg\u00f3 que \u201cestuvo abandonado pr\u00e1cticamente desde que se inici\u00f3. Al tiempo que confirm\u00f3:  \u201cVan a venir m\u00e1s obras para esta zona\u201d.<\/p>\n<p>\u201cCon esta obra no solo se va a beneficiar este barrio espec\u00edfico sino toda la zona que se inunda, la idea es que el agua corra r\u00e1pidamente escurra en otros puntos de la ciudad\u201d.<\/p>\n<p>Por su parte, el Ing. Hugo Guzm\u00e1n Dur\u00e1n, a cargo de los trabajos en el lugar, explic\u00f3: \u201cLa obra tiene varias etapas, lo que m\u00e1s se destaca es la ca\u00f1er\u00eda 2200 que son 530 metros de longitud que es un ca\u00f1o maestro pero tambi\u00e9n tiene otras etapas que tambi\u00e9n son importantes, ca\u00f1er\u00edas de 400 a trav\u00e9s de todo el barrio\u201d. \u201cVamos a conectar a todos los vecinos esas ca\u00f1er\u00edas para que desagote en el canal maestro\u201d, sostuvo.<\/p>\n<p>En tanto que confirm\u00f3 que se va a cerrar el zanj\u00f3n actual y destac\u00f3 que \u201ces muy importante el trabajo posterior de limpieza de canal\u201d.<br \/>\n\u201cEl plazo son 120 d\u00edas de corrido sostuvo\u201d y cont\u00f3: \u201cYa estamos poniendo los primeros 15 metros\u201d.<\/p>\n<div class=\"fb-video\" data-allowfullscreen=\"true\" data-href=\"https:\/\/www.facebook.com\/eldiario.desanpedro\/videos\/604684643074012\/\" style=\"background-color: #fff; display: inline-block;\"><\/div>\n<p>&#8212;&#8212;&#8212;&#8212;&#8212;&#8212;&#8212;&#8212;&#8211;<\/p>\n<div class=\"fb-video\" data-allowfullscreen=\"true\" data-href=\"https:\/\/www.facebook.com\/eldiario.desanpedro\/videos\/604717966404013\/\" style=\"background-color: #fff; display: inline-block;\"><\/div>\n","protected":false},"excerpt":{"rendered":"<p>Hoy por la ma\u00f1ana el Intendente Municipal junto a integrantes del gabinete particip\u00f3 del comienzo de la obra de entubado que se lleva a cabo en calle 3 de Febrero entre Cro. Gral Belgrano y calle 66. Previamente el Jefe Comunal se lleg\u00f3 al lugar donde se est\u00e1n fabricando los tubos que luego ser\u00e1n colocados. [&hellip;]<\/p>\n","protected":false},"author":4,"featured_media":17654,"comment_status":"open","ping_status":"closed","sticky":false,"template":"","format":"standard","meta":{"om_disable_all_campaigns":false,"_jetpack_memberships_contains_paid_content":false,"footnotes":""},"categories":[3],"tags":[],"class_list":["post-17653","post","type-post","status-publish","format-standard","has-post-thumbnail","hentry","category-nacionales"],"aioseo_notices":[],"gutentor_comment":0,"jetpack_featured_media_url":"https:\/\/eldiariodesanpedro.com.ar\/sitio\/wp-content\/uploads\/2017\/04\/Salazar-recorrio-obra-entubado-en-barrio-Futuro.jpg","jetpack_shortlink":"https:\/\/wp.me\/p6RhLt-4AJ","jetpack_sharing_enabled":true,"_links":{"self":[{"href":"https:\/\/eldiariodesanpedro.com.ar\/sitio\/wp-json\/wp\/v2\/posts\/17653","targetHints":{"allow":["GET"]}}],"collection":[{"href":"https:\/\/eldiariodesanpedro.com.ar\/sitio\/wp-json\/wp\/v2\/posts"}],"about":[{"href":"https:\/\/eldiariodesanpedro.com.ar\/sitio\/wp-json\/wp\/v2\/types\/post"}],"author":[{"embeddable":true,"href":"https:\/\/eldiariodesanpedro.com.ar\/sitio\/wp-json\/wp\/v2\/users\/4"}],"replies":[{"embeddable":true,"href":"https:\/\/eldiariodesanpedro.com.ar\/sitio\/wp-json\/wp\/v2\/comments?post=17653"}],"version-history":[{"count":3,"href":"https:\/\/eldiariodesanpedro.com.ar\/sitio\/wp-json\/wp\/v2\/posts\/17653\/revisions"}],"predecessor-version":[{"id":17663,"href":"https:\/\/eldiariodesanpedro.com.ar\/sitio\/wp-json\/wp\/v2\/posts\/17653\/revisions\/17663"}],"wp:featuredmedia":[{"embeddable":true,"href":"https:\/\/eldiariodesanpedro.com.ar\/sitio\/wp-json\/wp\/v2\/media\/17654"}],"wp:attachment":[{"href":"https:\/\/eldiariodesanpedro.com.ar\/sitio\/wp-json\/wp\/v2\/media?parent=17653"}],"wp:term":[{"taxonomy":"category","embeddable":true,"href":"https:\/\/eldiariodesanpedro.com.ar\/sitio\/wp-json\/wp\/v2\/categories?post=17653"},{"taxonomy":"post_tag","embeddable":true,"href":"https:\/\/eldiariodesanpedro.com.ar\/sitio\/wp-json\/wp\/v2\/tags?post=17653"}],"curies":[{"name":"wp","href":"https:\/\/api.w.org\/{rel}","templated":true}]}}