{"id":17650,"date":"2017-04-21T18:23:41","date_gmt":"2017-04-21T21:23:41","guid":{"rendered":"https:\/\/eldiariodesanpedro.com.ar\/sitio\/?p=17650"},"modified":"2017-04-21T18:23:41","modified_gmt":"2017-04-21T21:23:41","slug":"curso-gratuito-sobre-comunicacion-en-manejo-de-crisis","status":"publish","type":"post","link":"https:\/\/eldiariodesanpedro.com.ar\/sitio\/curso-gratuito-sobre-comunicacion-en-manejo-de-crisis\/","title":{"rendered":"Curso gratuito sobre \u00abComunicaci\u00f3n en manejo de crisis\u00bb"},"content":{"rendered":"<p><!-- VideographyWP Plugin Message: Automatic video embedding prevented by plugin options. --><br \/>\nPor distintos motivos, la empresa puede atravesar una situaci\u00f3n de crisis. De la forma de enfrentarla depender\u00e1 que sea un problema m\u00e1s al que se le busque soluci\u00f3n o que se convierta en una circunstancia muy favorable. Y es que una buena gesti\u00f3n puede transformar la crisis en una oportunidad para alcanzar un mejor posicionamiento en el mercado. La herramienta m\u00e1s poderosa para enfrentar una crisis es la comunicaci\u00f3n, pero el recurso m\u00e1s efectivo que tiene una empresa son sus valores. Un activo como el buen prestigio es la base de sustentaci\u00f3n y el respaldo para que la comunicaci\u00f3n tenga un alto grado de credibilidad, condici\u00f3n ineludible para neutralizar la crisis. <\/p>\n<p>El Centro de Comercio e Industria y la C\u00e1mara Argentina de Comercio invitan por este medio a este curso gratuito el pr\u00f3ximo 3 de Mayo a las 20.  <\/p>\n<p>Disertante: Lic. Alcia Iruretagoyena.<\/p>\n<p>Licenciada en Relaciones P\u00fablicas (UADE)<br \/>\nMag\u00edster en Gesti\u00f3n y Pol\u00edticas culturales (IMAP)<br \/>\nConsultora en Comunicaci\u00f3n Corporativa en empresas e instituciones p\u00fablicas y privadas.<\/p>\n<p><strong>Objetivos:<\/strong><\/p>\n<p>\u2022 Conocer las caracter\u00edsticas de una crisis.<br \/>\n\u2022 Saber estudiar y medir su dimensi\u00f3n<br \/>\n\u2022 Analizar las t\u00e9cnicas para enfrentar las crisis<br \/>\n\u2022 Entender el rol de la comunicaci\u00f3n de crisis<br \/>\n\u2022 Aprender los nuevos recursos para neutralizar las crisis.<\/p>\n<p><strong>Destinatarios:<\/strong><\/p>\n<p>Emprendedores, ejecutivos, personal jer\u00e1rquico, comunicadores, estudiantes, colaboradores de \u00e1reas involucradas con la comunicaci\u00f3n y profesionales que por su actividad necesiten manejar con solvencia sus situaciones cr\u00edticas. <\/p>\n","protected":false},"excerpt":{"rendered":"<p>Por distintos motivos, la empresa puede atravesar una situaci\u00f3n de crisis. De la forma de enfrentarla depender\u00e1 que sea un problema m\u00e1s al que se le busque soluci\u00f3n o que se convierta en una circunstancia muy favorable. Y es que una buena gesti\u00f3n puede transformar la crisis en una oportunidad para alcanzar un mejor posicionamiento [&hellip;]<\/p>\n","protected":false},"author":4,"featured_media":3126,"comment_status":"open","ping_status":"closed","sticky":false,"template":"","format":"standard","meta":{"om_disable_all_campaigns":false,"_jetpack_memberships_contains_paid_content":false,"footnotes":""},"categories":[101,2],"tags":[],"class_list":["post-17650","post","type-post","status-publish","format-standard","has-post-thumbnail","hentry","category-interes-general-locales","category-locales"],"aioseo_notices":[],"gutentor_comment":0,"jetpack_featured_media_url":"https:\/\/eldiariodesanpedro.com.ar\/sitio\/wp-content\/uploads\/2016\/04\/Centro-de-Comercio-e-industria.jpg","jetpack_shortlink":"https:\/\/wp.me\/p6RhLt-4AG","jetpack_sharing_enabled":true,"_links":{"self":[{"href":"https:\/\/eldiariodesanpedro.com.ar\/sitio\/wp-json\/wp\/v2\/posts\/17650","targetHints":{"allow":["GET"]}}],"collection":[{"href":"https:\/\/eldiariodesanpedro.com.ar\/sitio\/wp-json\/wp\/v2\/posts"}],"about":[{"href":"https:\/\/eldiariodesanpedro.com.ar\/sitio\/wp-json\/wp\/v2\/types\/post"}],"author":[{"embeddable":true,"href":"https:\/\/eldiariodesanpedro.com.ar\/sitio\/wp-json\/wp\/v2\/users\/4"}],"replies":[{"embeddable":true,"href":"https:\/\/eldiariodesanpedro.com.ar\/sitio\/wp-json\/wp\/v2\/comments?post=17650"}],"version-history":[{"count":1,"href":"https:\/\/eldiariodesanpedro.com.ar\/sitio\/wp-json\/wp\/v2\/posts\/17650\/revisions"}],"predecessor-version":[{"id":17652,"href":"https:\/\/eldiariodesanpedro.com.ar\/sitio\/wp-json\/wp\/v2\/posts\/17650\/revisions\/17652"}],"wp:featuredmedia":[{"embeddable":true,"href":"https:\/\/eldiariodesanpedro.com.ar\/sitio\/wp-json\/wp\/v2\/media\/3126"}],"wp:attachment":[{"href":"https:\/\/eldiariodesanpedro.com.ar\/sitio\/wp-json\/wp\/v2\/media?parent=17650"}],"wp:term":[{"taxonomy":"category","embeddable":true,"href":"https:\/\/eldiariodesanpedro.com.ar\/sitio\/wp-json\/wp\/v2\/categories?post=17650"},{"taxonomy":"post_tag","embeddable":true,"href":"https:\/\/eldiariodesanpedro.com.ar\/sitio\/wp-json\/wp\/v2\/tags?post=17650"}],"curies":[{"name":"wp","href":"https:\/\/api.w.org\/{rel}","templated":true}]}}