{"id":17644,"date":"2017-04-21T18:17:58","date_gmt":"2017-04-21T21:17:58","guid":{"rendered":"https:\/\/eldiariodesanpedro.com.ar\/sitio\/?p=17644"},"modified":"2017-04-21T18:17:58","modified_gmt":"2017-04-21T21:17:58","slug":"yuyo-gonzalo-se-presentara-este-sabado-en-san-pedro","status":"publish","type":"post","link":"https:\/\/eldiariodesanpedro.com.ar\/sitio\/yuyo-gonzalo-se-presentara-este-sabado-en-san-pedro\/","title":{"rendered":"\u201cYuyo\u201d Gonzalo se presentar\u00e1 este s\u00e1bado en San Pedro"},"content":{"rendered":"<p><!-- VideographyWP Plugin Message: Automatic video embedding prevented by plugin options. --><br \/>\nEl evento se desarrollar\u00e1 este s\u00e1bado en el Club La Esperanza, a partir de las 21.30 hs. \u201cEstamos muy contentos, hemos tenido una convocatoria muy importante si bien a\u00fan quedan algunos lugares para quienes quieran acercarse para participar de este homenaje al gran Horacio Guarany\u201d, cont\u00f3 Enzo Gravino, uno de los organizadores.<\/p>\n<p>En cuanto el evento, dijo: \u201cEs una cena show y los artistas que van a venir son: Candela G\u00f3ngora que es una jovencita de 12 a\u00f1os que viene de San Miguel y tiene una voz privilegiada, tiene un futuro impresionante en el folclore. Despu\u00e9s va a cantar Yuyo Gonzalo como artistas principal, que fue guitarrista de Horacio Guaran\u00ed, lo acompa\u00f1\u00f3 durante 15 a\u00f1os en todos los camino que recorri\u00f3 y vamos a cerrar con el Super Sound que es una banda local de m\u00fasica tropical\u201d.<\/p>\n<p>Cabe destacar que la venta de las entradas se hace en 3 de febrero 1058 o en el Club La Esperanza. En tanto que las reservas se realizan al 0332915553576 o al 0332915331948.<\/p>\n","protected":false},"excerpt":{"rendered":"<p>El evento se desarrollar\u00e1 este s\u00e1bado en el Club La Esperanza, a partir de las 21.30 hs. \u201cEstamos muy contentos, hemos tenido una convocatoria muy importante si bien a\u00fan quedan algunos lugares para quienes quieran acercarse para participar de este homenaje al gran Horacio Guarany\u201d, cont\u00f3 Enzo Gravino, uno de los organizadores. En cuanto el [&hellip;]<\/p>\n","protected":false},"author":4,"featured_media":17646,"comment_status":"open","ping_status":"closed","sticky":false,"template":"","format":"standard","meta":{"om_disable_all_campaigns":false,"_jetpack_memberships_contains_paid_content":false,"footnotes":""},"categories":[101,2],"tags":[],"class_list":["post-17644","post","type-post","status-publish","format-standard","has-post-thumbnail","hentry","category-interes-general-locales","category-locales"],"aioseo_notices":[],"gutentor_comment":0,"jetpack_featured_media_url":"https:\/\/eldiariodesanpedro.com.ar\/sitio\/wp-content\/uploads\/2017\/04\/Yuyo-Gonzalez-junto-a-Guarany.jpg","jetpack_shortlink":"https:\/\/wp.me\/p6RhLt-4AA","jetpack_sharing_enabled":true,"_links":{"self":[{"href":"https:\/\/eldiariodesanpedro.com.ar\/sitio\/wp-json\/wp\/v2\/posts\/17644","targetHints":{"allow":["GET"]}}],"collection":[{"href":"https:\/\/eldiariodesanpedro.com.ar\/sitio\/wp-json\/wp\/v2\/posts"}],"about":[{"href":"https:\/\/eldiariodesanpedro.com.ar\/sitio\/wp-json\/wp\/v2\/types\/post"}],"author":[{"embeddable":true,"href":"https:\/\/eldiariodesanpedro.com.ar\/sitio\/wp-json\/wp\/v2\/users\/4"}],"replies":[{"embeddable":true,"href":"https:\/\/eldiariodesanpedro.com.ar\/sitio\/wp-json\/wp\/v2\/comments?post=17644"}],"version-history":[{"count":1,"href":"https:\/\/eldiariodesanpedro.com.ar\/sitio\/wp-json\/wp\/v2\/posts\/17644\/revisions"}],"predecessor-version":[{"id":17648,"href":"https:\/\/eldiariodesanpedro.com.ar\/sitio\/wp-json\/wp\/v2\/posts\/17644\/revisions\/17648"}],"wp:featuredmedia":[{"embeddable":true,"href":"https:\/\/eldiariodesanpedro.com.ar\/sitio\/wp-json\/wp\/v2\/media\/17646"}],"wp:attachment":[{"href":"https:\/\/eldiariodesanpedro.com.ar\/sitio\/wp-json\/wp\/v2\/media?parent=17644"}],"wp:term":[{"taxonomy":"category","embeddable":true,"href":"https:\/\/eldiariodesanpedro.com.ar\/sitio\/wp-json\/wp\/v2\/categories?post=17644"},{"taxonomy":"post_tag","embeddable":true,"href":"https:\/\/eldiariodesanpedro.com.ar\/sitio\/wp-json\/wp\/v2\/tags?post=17644"}],"curies":[{"name":"wp","href":"https:\/\/api.w.org\/{rel}","templated":true}]}}