{"id":17643,"date":"2017-04-21T18:33:12","date_gmt":"2017-04-21T21:33:12","guid":{"rendered":"https:\/\/eldiariodesanpedro.com.ar\/sitio\/?p=17643"},"modified":"2017-04-21T19:09:09","modified_gmt":"2017-04-21T22:09:09","slug":"presentacion-de-la-liga-inclusiva-organizada-por-andar","status":"publish","type":"post","link":"https:\/\/eldiariodesanpedro.com.ar\/sitio\/presentacion-de-la-liga-inclusiva-organizada-por-andar\/","title":{"rendered":"Presentaci\u00f3n de la Liga Inclusiva"},"content":{"rendered":"<p><!-- VideographyWP Plugin Message: Automatic video embedding prevented by plugin options. --><br \/>\nEste jueves por la tarde se desarrollo en el despacho del intendente Cecilio Salazar la presentaci\u00f3n de la 20\u00ba edici\u00f3n de la Liga Inclusiva de F\u00fatbol, con la presencia del Director Nacional de la CONADIS, Raul lucero; el el Director Administrativo de la Liga de F\u00fatbol Especial, Pablo Lucero; y la Secretaria de Desarrollo Humano, Karina Chiarella.<\/p>\n<p>Nuestra ciudad que participara del torneo con 34 j\u00f3venes dirigidos por Sebasti\u00e1n Caque, y se dividir\u00e1n en 3 o 4 planteles que competir\u00e1n contra otros 1300 atletas que estar\u00e1n en el certamen representando a 50 organizaciones de la Provincia de Buenos Aires y de la Ciudad Aut\u00f3noma de Buenos Aires.<\/p>\n<p>Como ya hab\u00eda informado anteriormente el Diario de San Pedro, la inauguraci\u00f3n principal de la competencia que organiza la Asociaci\u00f3n Civil Andar tuvo lugar el 8 de abril en el Sheraton Hotel de Buenos Aires con la presencia de la Secretaria de Desarrollo Humano, colaboradores y algunos de los deportistas.<\/p>\n<p>Luego por la noche del mismo d\u00eda en el club de Jubilados de calle Salta se realizo la presentaci\u00f3n de la vestimenta a utilizar en el torneo que dar\u00e1 inicio el d\u00eda 20 de mayo .<\/p>\n<div class=\"fb-video\" data-allowfullscreen=\"true\" data-href=\"https:\/\/www.facebook.com\/eldiario.desanpedro\/videos\/604752843067192\/\" style=\"background-color: #fff; display: inline-block;\"><\/div>\n","protected":false},"excerpt":{"rendered":"<p>Este jueves por la tarde se desarrollo en el despacho del intendente Cecilio Salazar la presentaci\u00f3n de la 20\u00ba edici\u00f3n de la Liga Inclusiva de F\u00fatbol, con la presencia del Director Nacional de la CONADIS, Raul lucero; el el Director Administrativo de la Liga de F\u00fatbol Especial, Pablo Lucero; y la Secretaria de Desarrollo Humano, [&hellip;]<\/p>\n","protected":false},"author":4,"featured_media":17656,"comment_status":"open","ping_status":"closed","sticky":false,"template":"","format":"standard","meta":{"om_disable_all_campaigns":false,"_jetpack_memberships_contains_paid_content":false,"footnotes":""},"categories":[101,2],"tags":[],"class_list":["post-17643","post","type-post","status-publish","format-standard","has-post-thumbnail","hentry","category-interes-general-locales","category-locales"],"aioseo_notices":[],"gutentor_comment":0,"jetpack_featured_media_url":"https:\/\/eldiariodesanpedro.com.ar\/sitio\/wp-content\/uploads\/2017\/04\/Conadis.jpg","jetpack_shortlink":"https:\/\/wp.me\/p6RhLt-4Az","jetpack_sharing_enabled":true,"_links":{"self":[{"href":"https:\/\/eldiariodesanpedro.com.ar\/sitio\/wp-json\/wp\/v2\/posts\/17643","targetHints":{"allow":["GET"]}}],"collection":[{"href":"https:\/\/eldiariodesanpedro.com.ar\/sitio\/wp-json\/wp\/v2\/posts"}],"about":[{"href":"https:\/\/eldiariodesanpedro.com.ar\/sitio\/wp-json\/wp\/v2\/types\/post"}],"author":[{"embeddable":true,"href":"https:\/\/eldiariodesanpedro.com.ar\/sitio\/wp-json\/wp\/v2\/users\/4"}],"replies":[{"embeddable":true,"href":"https:\/\/eldiariodesanpedro.com.ar\/sitio\/wp-json\/wp\/v2\/comments?post=17643"}],"version-history":[{"count":4,"href":"https:\/\/eldiariodesanpedro.com.ar\/sitio\/wp-json\/wp\/v2\/posts\/17643\/revisions"}],"predecessor-version":[{"id":17674,"href":"https:\/\/eldiariodesanpedro.com.ar\/sitio\/wp-json\/wp\/v2\/posts\/17643\/revisions\/17674"}],"wp:featuredmedia":[{"embeddable":true,"href":"https:\/\/eldiariodesanpedro.com.ar\/sitio\/wp-json\/wp\/v2\/media\/17656"}],"wp:attachment":[{"href":"https:\/\/eldiariodesanpedro.com.ar\/sitio\/wp-json\/wp\/v2\/media?parent=17643"}],"wp:term":[{"taxonomy":"category","embeddable":true,"href":"https:\/\/eldiariodesanpedro.com.ar\/sitio\/wp-json\/wp\/v2\/categories?post=17643"},{"taxonomy":"post_tag","embeddable":true,"href":"https:\/\/eldiariodesanpedro.com.ar\/sitio\/wp-json\/wp\/v2\/tags?post=17643"}],"curies":[{"name":"wp","href":"https:\/\/api.w.org\/{rel}","templated":true}]}}