{"id":17639,"date":"2017-04-21T10:45:29","date_gmt":"2017-04-21T13:45:29","guid":{"rendered":"https:\/\/eldiariodesanpedro.com.ar\/sitio\/?p=17639"},"modified":"2017-04-21T10:47:32","modified_gmt":"2017-04-21T13:47:32","slug":"festejos-por-el-dia-del-trabajador","status":"publish","type":"post","link":"https:\/\/eldiariodesanpedro.com.ar\/sitio\/festejos-por-el-dia-del-trabajador\/","title":{"rendered":"Festejos por el D\u00eda del Trabajador"},"content":{"rendered":"<p><!-- VideographyWP Plugin Message: Automatic video embedding prevented by plugin options. --><br \/>\nEl municipio invita a toda la comunidad a participar de los festejos por el d\u00eda del trabajador que tendr\u00e1n lugar el 30 de abril en el Club Independencia. Actuar\u00e1n los sampedrinos Keko Gonz\u00e1lez y Claudio Mart\u00edn, el cierre estar\u00e1 a cargo del reconocido Coco D\u00edaz.<\/p>\n","protected":false},"excerpt":{"rendered":"<p>El municipio invita a toda la comunidad a participar de los festejos por el d\u00eda del trabajador que tendr\u00e1n lugar el 30 de abril en el Club Independencia. Actuar\u00e1n los sampedrinos Keko Gonz\u00e1lez y Claudio Mart\u00edn, el cierre estar\u00e1 a cargo del reconocido Coco D\u00edaz.<\/p>\n","protected":false},"author":4,"featured_media":0,"comment_status":"open","ping_status":"closed","sticky":false,"template":"","format":"standard","meta":{"om_disable_all_campaigns":false,"_jetpack_memberships_contains_paid_content":false,"footnotes":""},"categories":[101,2],"tags":[],"class_list":["post-17639","post","type-post","status-publish","format-standard","hentry","category-interes-general-locales","category-locales"],"aioseo_notices":[],"gutentor_comment":0,"jetpack_featured_media_url":"","jetpack_shortlink":"https:\/\/wp.me\/p6RhLt-4Av","jetpack_sharing_enabled":true,"_links":{"self":[{"href":"https:\/\/eldiariodesanpedro.com.ar\/sitio\/wp-json\/wp\/v2\/posts\/17639","targetHints":{"allow":["GET"]}}],"collection":[{"href":"https:\/\/eldiariodesanpedro.com.ar\/sitio\/wp-json\/wp\/v2\/posts"}],"about":[{"href":"https:\/\/eldiariodesanpedro.com.ar\/sitio\/wp-json\/wp\/v2\/types\/post"}],"author":[{"embeddable":true,"href":"https:\/\/eldiariodesanpedro.com.ar\/sitio\/wp-json\/wp\/v2\/users\/4"}],"replies":[{"embeddable":true,"href":"https:\/\/eldiariodesanpedro.com.ar\/sitio\/wp-json\/wp\/v2\/comments?post=17639"}],"version-history":[{"count":1,"href":"https:\/\/eldiariodesanpedro.com.ar\/sitio\/wp-json\/wp\/v2\/posts\/17639\/revisions"}],"predecessor-version":[{"id":17641,"href":"https:\/\/eldiariodesanpedro.com.ar\/sitio\/wp-json\/wp\/v2\/posts\/17639\/revisions\/17641"}],"wp:attachment":[{"href":"https:\/\/eldiariodesanpedro.com.ar\/sitio\/wp-json\/wp\/v2\/media?parent=17639"}],"wp:term":[{"taxonomy":"category","embeddable":true,"href":"https:\/\/eldiariodesanpedro.com.ar\/sitio\/wp-json\/wp\/v2\/categories?post=17639"},{"taxonomy":"post_tag","embeddable":true,"href":"https:\/\/eldiariodesanpedro.com.ar\/sitio\/wp-json\/wp\/v2\/tags?post=17639"}],"curies":[{"name":"wp","href":"https:\/\/api.w.org\/{rel}","templated":true}]}}