{"id":17636,"date":"2017-04-21T10:21:09","date_gmt":"2017-04-21T13:21:09","guid":{"rendered":"https:\/\/eldiariodesanpedro.com.ar\/sitio\/?p=17636"},"modified":"2017-04-21T10:21:09","modified_gmt":"2017-04-21T13:21:09","slug":"font-en-el-congreso-nacional-de-viveristas","status":"publish","type":"post","link":"https:\/\/eldiariodesanpedro.com.ar\/sitio\/font-en-el-congreso-nacional-de-viveristas\/","title":{"rendered":"Font en el Congreso Nacional de Viveristas"},"content":{"rendered":"<p><!-- VideographyWP Plugin Message: Automatic video embedding prevented by plugin options. --><br \/>\nEl Director de Producci\u00f3n Germ\u00e1n Font participa del Congreso Nacional de Viveristas que se desarrolla en la ciudad de Escobar y que culminar\u00e1 el 22 de abril.<\/p>\n<p>El funcionario acompa\u00f1\u00f3 a la c\u00e1mara de viveristas local, que cuenta con un espacio especial dentro del congreso donde presentaron su actividad.<\/p>\n<p>Desde la c\u00e1mara comunicaron que aprovecharon la afluencia de especialistas para compartir la oferta que tiene nuestra zona con viveros que cumplen las normativas en plena vigencia de producci\u00f3n bajo cubierta. Se exponen plantas que han crecido en invernaderos que cumplen con las normativas del SENASA a fin de prevenir el HLB y que se cultivaron a partir de portainjertos y variedades de sanidad controlada.<\/p>\n","protected":false},"excerpt":{"rendered":"<p>El Director de Producci\u00f3n Germ\u00e1n Font participa del Congreso Nacional de Viveristas que se desarrolla en la ciudad de Escobar y que culminar\u00e1 el 22 de abril. El funcionario acompa\u00f1\u00f3 a la c\u00e1mara de viveristas local, que cuenta con un espacio especial dentro del congreso donde presentaron su actividad. Desde la c\u00e1mara comunicaron que aprovecharon [&hellip;]<\/p>\n","protected":false},"author":4,"featured_media":17637,"comment_status":"open","ping_status":"closed","sticky":false,"template":"","format":"standard","meta":{"om_disable_all_campaigns":false,"_jetpack_memberships_contains_paid_content":false,"footnotes":""},"categories":[2,102],"tags":[],"class_list":["post-17636","post","type-post","status-publish","format-standard","has-post-thumbnail","hentry","category-locales","category-politica-locales"],"aioseo_notices":[],"gutentor_comment":0,"jetpack_featured_media_url":"https:\/\/eldiariodesanpedro.com.ar\/sitio\/wp-content\/uploads\/2017\/04\/Font2.jpg","jetpack_shortlink":"https:\/\/wp.me\/p6RhLt-4As","jetpack_sharing_enabled":true,"_links":{"self":[{"href":"https:\/\/eldiariodesanpedro.com.ar\/sitio\/wp-json\/wp\/v2\/posts\/17636","targetHints":{"allow":["GET"]}}],"collection":[{"href":"https:\/\/eldiariodesanpedro.com.ar\/sitio\/wp-json\/wp\/v2\/posts"}],"about":[{"href":"https:\/\/eldiariodesanpedro.com.ar\/sitio\/wp-json\/wp\/v2\/types\/post"}],"author":[{"embeddable":true,"href":"https:\/\/eldiariodesanpedro.com.ar\/sitio\/wp-json\/wp\/v2\/users\/4"}],"replies":[{"embeddable":true,"href":"https:\/\/eldiariodesanpedro.com.ar\/sitio\/wp-json\/wp\/v2\/comments?post=17636"}],"version-history":[{"count":1,"href":"https:\/\/eldiariodesanpedro.com.ar\/sitio\/wp-json\/wp\/v2\/posts\/17636\/revisions"}],"predecessor-version":[{"id":17638,"href":"https:\/\/eldiariodesanpedro.com.ar\/sitio\/wp-json\/wp\/v2\/posts\/17636\/revisions\/17638"}],"wp:featuredmedia":[{"embeddable":true,"href":"https:\/\/eldiariodesanpedro.com.ar\/sitio\/wp-json\/wp\/v2\/media\/17637"}],"wp:attachment":[{"href":"https:\/\/eldiariodesanpedro.com.ar\/sitio\/wp-json\/wp\/v2\/media?parent=17636"}],"wp:term":[{"taxonomy":"category","embeddable":true,"href":"https:\/\/eldiariodesanpedro.com.ar\/sitio\/wp-json\/wp\/v2\/categories?post=17636"},{"taxonomy":"post_tag","embeddable":true,"href":"https:\/\/eldiariodesanpedro.com.ar\/sitio\/wp-json\/wp\/v2\/tags?post=17636"}],"curies":[{"name":"wp","href":"https:\/\/api.w.org\/{rel}","templated":true}]}}