{"id":17629,"date":"2017-04-21T09:59:32","date_gmt":"2017-04-21T12:59:32","guid":{"rendered":"https:\/\/eldiariodesanpedro.com.ar\/sitio\/?p=17629"},"modified":"2017-04-21T09:59:32","modified_gmt":"2017-04-21T12:59:32","slug":"el-intendente-recorrio-la-escuela-18","status":"publish","type":"post","link":"https:\/\/eldiariodesanpedro.com.ar\/sitio\/el-intendente-recorrio-la-escuela-18\/","title":{"rendered":"El intendente recorri\u00f3 la Escuela 18"},"content":{"rendered":"<p><!-- VideographyWP Plugin Message: Automatic video embedding prevented by plugin options. --><br \/>\nEl Intendente Cecilio Salazar, acompa\u00f1ado por funcionarios y representantes del Renatre, visit\u00f3 la Escuela N\u00ba 18 a la que meses atr\u00e1s el Registro Nacional de Trabajadores Rurales y Empleadores entreg\u00f3 un importante subsidio para la compra de herramientas que mejoren la educaci\u00f3n de los alumnos.<\/p>\n<p>La Directora del establecimiento fue quien gui\u00f3 a los funcionarios que conocieron los nuevos juegos de maderas instalados en uno de los patios, el equipamiento de Educaci\u00f3n F\u00edsica adquirido con el dinero entregado y los instrumentos musicales que fueron utilizados para interpretar una breve canci\u00f3n que regalaron a quienes visitaron la escuela en forma de agradecimiento.<\/p>\n<p>\u201cEs muy importante para nosotros todo lo que hemos alcanzado gracias a la ayuda que nos han dado\u201d, dijo la Directora Cecilia Bellesi al tiempo que el Presidente del Consejo Escolar destac\u00f3 que no hubiese sido posible sin la colaboraci\u00f3n del cuerpo docente y de los padres de los alumnos que trabajan constantemente para mejorar el establecimiento.<\/p>\n","protected":false},"excerpt":{"rendered":"<p>El Intendente Cecilio Salazar, acompa\u00f1ado por funcionarios y representantes del Renatre, visit\u00f3 la Escuela N\u00ba 18 a la que meses atr\u00e1s el Registro Nacional de Trabajadores Rurales y Empleadores entreg\u00f3 un importante subsidio para la compra de herramientas que mejoren la educaci\u00f3n de los alumnos. La Directora del establecimiento fue quien gui\u00f3 a los funcionarios [&hellip;]<\/p>\n","protected":false},"author":4,"featured_media":17630,"comment_status":"open","ping_status":"closed","sticky":false,"template":"","format":"standard","meta":{"om_disable_all_campaigns":false,"_jetpack_memberships_contains_paid_content":false,"footnotes":""},"categories":[2,102],"tags":[],"class_list":["post-17629","post","type-post","status-publish","format-standard","has-post-thumbnail","hentry","category-locales","category-politica-locales"],"aioseo_notices":[],"gutentor_comment":0,"jetpack_featured_media_url":"https:\/\/eldiariodesanpedro.com.ar\/sitio\/wp-content\/uploads\/2017\/04\/unnamed-1.jpg","jetpack_shortlink":"https:\/\/wp.me\/p6RhLt-4Al","jetpack_sharing_enabled":true,"_links":{"self":[{"href":"https:\/\/eldiariodesanpedro.com.ar\/sitio\/wp-json\/wp\/v2\/posts\/17629","targetHints":{"allow":["GET"]}}],"collection":[{"href":"https:\/\/eldiariodesanpedro.com.ar\/sitio\/wp-json\/wp\/v2\/posts"}],"about":[{"href":"https:\/\/eldiariodesanpedro.com.ar\/sitio\/wp-json\/wp\/v2\/types\/post"}],"author":[{"embeddable":true,"href":"https:\/\/eldiariodesanpedro.com.ar\/sitio\/wp-json\/wp\/v2\/users\/4"}],"replies":[{"embeddable":true,"href":"https:\/\/eldiariodesanpedro.com.ar\/sitio\/wp-json\/wp\/v2\/comments?post=17629"}],"version-history":[{"count":2,"href":"https:\/\/eldiariodesanpedro.com.ar\/sitio\/wp-json\/wp\/v2\/posts\/17629\/revisions"}],"predecessor-version":[{"id":17632,"href":"https:\/\/eldiariodesanpedro.com.ar\/sitio\/wp-json\/wp\/v2\/posts\/17629\/revisions\/17632"}],"wp:featuredmedia":[{"embeddable":true,"href":"https:\/\/eldiariodesanpedro.com.ar\/sitio\/wp-json\/wp\/v2\/media\/17630"}],"wp:attachment":[{"href":"https:\/\/eldiariodesanpedro.com.ar\/sitio\/wp-json\/wp\/v2\/media?parent=17629"}],"wp:term":[{"taxonomy":"category","embeddable":true,"href":"https:\/\/eldiariodesanpedro.com.ar\/sitio\/wp-json\/wp\/v2\/categories?post=17629"},{"taxonomy":"post_tag","embeddable":true,"href":"https:\/\/eldiariodesanpedro.com.ar\/sitio\/wp-json\/wp\/v2\/tags?post=17629"}],"curies":[{"name":"wp","href":"https:\/\/api.w.org\/{rel}","templated":true}]}}