{"id":17621,"date":"2017-04-20T20:16:30","date_gmt":"2017-04-20T23:16:30","guid":{"rendered":"https:\/\/eldiariodesanpedro.com.ar\/sitio\/?p=17621"},"modified":"2026-01-24T00:26:32","modified_gmt":"2026-01-24T03:26:32","slug":"liga-infantil-leonardo-pedraza-y-juan-laserna-los-nuevos-tecnicos","status":"publish","type":"post","link":"https:\/\/eldiariodesanpedro.com.ar\/sitio\/liga-infantil-leonardo-pedraza-y-juan-laserna-los-nuevos-tecnicos\/","title":{"rendered":"LIGA INFANTIL: Leonardo Pedraza y Juan Laserna los nuevos t\u00e9cnicos"},"content":{"rendered":"<p><!-- VideographyWP Plugin Message: Automatic video embedding prevented by plugin options. --><br \/>\n  La nueva dirigencia de la Liga Infantil de F\u00fatbol de San Pedro decidi\u00f3 que Leonardo Pedraza ser\u00e1 el Director T\u00e9cnico del seleccionado 2006 y Juan Laserna ser\u00e1 su ayudante de campo.<\/p>\n<p>  Pedraza (Leonardo), el a\u00f1o pasado fue ayudante de campo, ahora ser\u00e1 la cabeza del cuerpo t\u00e9cnico de la selecci\u00f3n de f\u00fatbol infantil.  Laserna (Juan) es el actual t\u00e9cnico de Paran\u00e1 y sus logros en los \u00faltimos dos a\u00f1os como orientador del \u201calbirrojo\u201d lo posicionaron para que sea el elegido.<\/p>\n<p>  Pr\u00f3ximamente se conocer\u00e1n los jugadores convocados para representar a San Pedro en el torneo de San Nicol\u00e1s en vacaciones de invierno y la diagramaci\u00f3n de los entrenamientos.<\/p>\n","protected":false},"excerpt":{"rendered":"<p>La nueva dirigencia de la Liga Infantil de F\u00fatbol de San Pedro decidi\u00f3 que Leonardo Pedraza ser\u00e1 el Director T\u00e9cnico del seleccionado 2006 y Juan Laserna ser\u00e1 su ayudante de campo. Pedraza (Leonardo), el a\u00f1o pasado fue ayudante de campo, ahora ser\u00e1 la cabeza del cuerpo t\u00e9cnico de la selecci\u00f3n de f\u00fatbol infantil. Laserna (Juan) [&hellip;]<\/p>\n","protected":false},"author":4,"featured_media":6529,"comment_status":"open","ping_status":"closed","sticky":false,"template":"","format":"standard","meta":{"om_disable_all_campaigns":false,"_jetpack_memberships_contains_paid_content":false,"footnotes":""},"categories":[5],"tags":[],"class_list":["post-17621","post","type-post","status-publish","format-standard","has-post-thumbnail","hentry","category-deportes"],"aioseo_notices":[],"gutentor_comment":0,"jetpack_featured_media_url":"https:\/\/eldiariodesanpedro.com.ar\/sitio\/wp-content\/uploads\/2016\/07\/liga-infantil.jpg","jetpack_shortlink":"https:\/\/wp.me\/p6RhLt-4Ad","jetpack_sharing_enabled":true,"_links":{"self":[{"href":"https:\/\/eldiariodesanpedro.com.ar\/sitio\/wp-json\/wp\/v2\/posts\/17621","targetHints":{"allow":["GET"]}}],"collection":[{"href":"https:\/\/eldiariodesanpedro.com.ar\/sitio\/wp-json\/wp\/v2\/posts"}],"about":[{"href":"https:\/\/eldiariodesanpedro.com.ar\/sitio\/wp-json\/wp\/v2\/types\/post"}],"author":[{"embeddable":true,"href":"https:\/\/eldiariodesanpedro.com.ar\/sitio\/wp-json\/wp\/v2\/users\/4"}],"replies":[{"embeddable":true,"href":"https:\/\/eldiariodesanpedro.com.ar\/sitio\/wp-json\/wp\/v2\/comments?post=17621"}],"version-history":[{"count":1,"href":"https:\/\/eldiariodesanpedro.com.ar\/sitio\/wp-json\/wp\/v2\/posts\/17621\/revisions"}],"predecessor-version":[{"id":17624,"href":"https:\/\/eldiariodesanpedro.com.ar\/sitio\/wp-json\/wp\/v2\/posts\/17621\/revisions\/17624"}],"wp:featuredmedia":[{"embeddable":true,"href":"https:\/\/eldiariodesanpedro.com.ar\/sitio\/wp-json\/wp\/v2\/media\/6529"}],"wp:attachment":[{"href":"https:\/\/eldiariodesanpedro.com.ar\/sitio\/wp-json\/wp\/v2\/media?parent=17621"}],"wp:term":[{"taxonomy":"category","embeddable":true,"href":"https:\/\/eldiariodesanpedro.com.ar\/sitio\/wp-json\/wp\/v2\/categories?post=17621"},{"taxonomy":"post_tag","embeddable":true,"href":"https:\/\/eldiariodesanpedro.com.ar\/sitio\/wp-json\/wp\/v2\/tags?post=17621"}],"curies":[{"name":"wp","href":"https:\/\/api.w.org\/{rel}","templated":true}]}}