{"id":17616,"date":"2017-04-20T20:08:33","date_gmt":"2017-04-20T23:08:33","guid":{"rendered":"https:\/\/eldiariodesanpedro.com.ar\/sitio\/?p=17616"},"modified":"2026-01-24T00:26:36","modified_gmt":"2026-01-24T03:26:36","slug":"liga-inclusiva-presentacion-en-san-pedro","status":"publish","type":"post","link":"https:\/\/eldiariodesanpedro.com.ar\/sitio\/liga-inclusiva-presentacion-en-san-pedro\/","title":{"rendered":"LIGA INCLUSIVA: Presentaci\u00f3n en San Pedro"},"content":{"rendered":"<p><!-- VideographyWP Plugin Message: Automatic video embedding prevented by plugin options. --><br \/>\n  La Secretar\u00eda de Desarrollo Humano realiz\u00f3 la presentaci\u00f3n la de la Liga de F\u00fatbol Inclusiva en el despacho del Jefe Comunal, con la presencia del Director Nacional de la CONADIS, Ra\u00fal Lucero; el Presidente de la Asociaci\u00f3n Civil Granja ANDAR Moreno, Juan Rivas; y el Director Administrativo de la Liga De F\u00fatbol Especial Pablo Lucero. Tambi\u00e9n estuvieron presentes autoridades locales. <\/p>\n","protected":false},"excerpt":{"rendered":"<p>La Secretar\u00eda de Desarrollo Humano realiz\u00f3 la presentaci\u00f3n la de la Liga de F\u00fatbol Inclusiva en el despacho del Jefe Comunal, con la presencia del Director Nacional de la CONADIS, Ra\u00fal Lucero; el Presidente de la Asociaci\u00f3n Civil Granja ANDAR Moreno, Juan Rivas; y el Director Administrativo de la Liga De F\u00fatbol Especial Pablo Lucero. [&hellip;]<\/p>\n","protected":false},"author":4,"featured_media":17618,"comment_status":"open","ping_status":"closed","sticky":false,"template":"","format":"standard","meta":{"om_disable_all_campaigns":false,"_jetpack_memberships_contains_paid_content":false,"footnotes":""},"categories":[5],"tags":[],"class_list":["post-17616","post","type-post","status-publish","format-standard","has-post-thumbnail","hentry","category-deportes"],"aioseo_notices":[],"gutentor_comment":0,"jetpack_featured_media_url":"https:\/\/eldiariodesanpedro.com.ar\/sitio\/wp-content\/uploads\/2017\/04\/Liga-de-F\u00fatbol-Inclusiva.jpg","jetpack_shortlink":"https:\/\/wp.me\/p6RhLt-4A8","jetpack_sharing_enabled":true,"_links":{"self":[{"href":"https:\/\/eldiariodesanpedro.com.ar\/sitio\/wp-json\/wp\/v2\/posts\/17616","targetHints":{"allow":["GET"]}}],"collection":[{"href":"https:\/\/eldiariodesanpedro.com.ar\/sitio\/wp-json\/wp\/v2\/posts"}],"about":[{"href":"https:\/\/eldiariodesanpedro.com.ar\/sitio\/wp-json\/wp\/v2\/types\/post"}],"author":[{"embeddable":true,"href":"https:\/\/eldiariodesanpedro.com.ar\/sitio\/wp-json\/wp\/v2\/users\/4"}],"replies":[{"embeddable":true,"href":"https:\/\/eldiariodesanpedro.com.ar\/sitio\/wp-json\/wp\/v2\/comments?post=17616"}],"version-history":[{"count":1,"href":"https:\/\/eldiariodesanpedro.com.ar\/sitio\/wp-json\/wp\/v2\/posts\/17616\/revisions"}],"predecessor-version":[{"id":17620,"href":"https:\/\/eldiariodesanpedro.com.ar\/sitio\/wp-json\/wp\/v2\/posts\/17616\/revisions\/17620"}],"wp:featuredmedia":[{"embeddable":true,"href":"https:\/\/eldiariodesanpedro.com.ar\/sitio\/wp-json\/wp\/v2\/media\/17618"}],"wp:attachment":[{"href":"https:\/\/eldiariodesanpedro.com.ar\/sitio\/wp-json\/wp\/v2\/media?parent=17616"}],"wp:term":[{"taxonomy":"category","embeddable":true,"href":"https:\/\/eldiariodesanpedro.com.ar\/sitio\/wp-json\/wp\/v2\/categories?post=17616"},{"taxonomy":"post_tag","embeddable":true,"href":"https:\/\/eldiariodesanpedro.com.ar\/sitio\/wp-json\/wp\/v2\/tags?post=17616"}],"curies":[{"name":"wp","href":"https:\/\/api.w.org\/{rel}","templated":true}]}}