{"id":17610,"date":"2017-04-20T19:13:54","date_gmt":"2017-04-20T22:13:54","guid":{"rendered":"https:\/\/eldiariodesanpedro.com.ar\/sitio\/?p=17610"},"modified":"2017-04-20T19:13:54","modified_gmt":"2017-04-20T22:13:54","slug":"viveros-de-san-pedro-en-escobar","status":"publish","type":"post","link":"https:\/\/eldiariodesanpedro.com.ar\/sitio\/viveros-de-san-pedro-en-escobar\/","title":{"rendered":"Viveros de San Pedro en Escobar"},"content":{"rendered":"<p><!-- VideographyWP Plugin Message: Automatic video embedding prevented by plugin options. --><br \/>\nProductores locales estar\u00e1n representando a nuestro partido en el Congreso Nacional de Viveristas. La propuesta en esta ocasi\u00f3n ser\u00e1 la valorizaci\u00f3n de plantas c\u00edtricas producidas bajo cubierta.<\/p>\n<p>Con una propuesta que sintetiza innovaci\u00f3n y acci\u00f3n colectiva, los viveristas agrupados en la C\u00e1mara de Viveristas local, tendr\u00e1n un espacio para presentar su actividad. La presentaci\u00f3n est\u00e1 promovida por el Cl\u00faster Flor\u00edcola del cual participan, que ha gestionado con la Asociaci\u00f3n Argentina de Floricultores y Viveristas un stand para que la zona est\u00e9 representada. Acompa\u00f1an la Secretar\u00eda de Desarrollo Econ\u00f3mico de la Municipalidad de San Pedro y el INTA. Tambi\u00e9n habr\u00e1 otras empresas locales con stands propios.<\/p>\n<p>Aprovechando que todo est\u00e1 listo para comenzar con la campa\u00f1a de plantas c\u00edtricas, se compartir\u00e1 con los presentes la oferta que tiene nuestra zona con viveros que cumplen las normativas en plena vigencia de producci\u00f3n bajo cubierta. Se expondr\u00e1n plantas que han crecido en invernaderos que cumplen con las normativas del SENASA a fin de prevenir el HLB y que se cultivaron a partir de portainjertos y variedades de sanidad controlada. Adem\u00e1s, se compartir\u00e1 un listado de los productores que cuentan con plantas para comercializar y su forma de contacto para facilitar su adquisici\u00f3n.<\/p>\n<p>El stand se propone como un espacio de encuentro pero tambi\u00e9n de difusi\u00f3n de algunos aspectos centrales vinculados a la importancia de comprar c\u00edtricos que siguen la normativa. Incluso, cada d\u00eda habr\u00e1 un momento en el programa de actividades en el cual se difundir\u00e1 especialmente y permitir\u00e1 mostrar in situ los aspectos a tener en cuenta a la hora de comprar las plantas.<\/p>\n","protected":false},"excerpt":{"rendered":"<p>Productores locales estar\u00e1n representando a nuestro partido en el Congreso Nacional de Viveristas. La propuesta en esta ocasi\u00f3n ser\u00e1 la valorizaci\u00f3n de plantas c\u00edtricas producidas bajo cubierta. Con una propuesta que sintetiza innovaci\u00f3n y acci\u00f3n colectiva, los viveristas agrupados en la C\u00e1mara de Viveristas local, tendr\u00e1n un espacio para presentar su actividad. La presentaci\u00f3n est\u00e1 [&hellip;]<\/p>\n","protected":false},"author":4,"featured_media":17611,"comment_status":"open","ping_status":"closed","sticky":false,"template":"","format":"standard","meta":{"om_disable_all_campaigns":false,"_jetpack_memberships_contains_paid_content":false,"footnotes":""},"categories":[101,2],"tags":[],"class_list":["post-17610","post","type-post","status-publish","format-standard","has-post-thumbnail","hentry","category-interes-general-locales","category-locales"],"aioseo_notices":[],"gutentor_comment":0,"jetpack_featured_media_url":"https:\/\/eldiariodesanpedro.com.ar\/sitio\/wp-content\/uploads\/2017\/04\/La-presentaci\u00f3n-est\u00e1-promovida-por-el-Cl\u00faster-Flor\u00edcola.jpg","jetpack_shortlink":"https:\/\/wp.me\/p6RhLt-4A2","jetpack_sharing_enabled":true,"_links":{"self":[{"href":"https:\/\/eldiariodesanpedro.com.ar\/sitio\/wp-json\/wp\/v2\/posts\/17610","targetHints":{"allow":["GET"]}}],"collection":[{"href":"https:\/\/eldiariodesanpedro.com.ar\/sitio\/wp-json\/wp\/v2\/posts"}],"about":[{"href":"https:\/\/eldiariodesanpedro.com.ar\/sitio\/wp-json\/wp\/v2\/types\/post"}],"author":[{"embeddable":true,"href":"https:\/\/eldiariodesanpedro.com.ar\/sitio\/wp-json\/wp\/v2\/users\/4"}],"replies":[{"embeddable":true,"href":"https:\/\/eldiariodesanpedro.com.ar\/sitio\/wp-json\/wp\/v2\/comments?post=17610"}],"version-history":[{"count":1,"href":"https:\/\/eldiariodesanpedro.com.ar\/sitio\/wp-json\/wp\/v2\/posts\/17610\/revisions"}],"predecessor-version":[{"id":17612,"href":"https:\/\/eldiariodesanpedro.com.ar\/sitio\/wp-json\/wp\/v2\/posts\/17610\/revisions\/17612"}],"wp:featuredmedia":[{"embeddable":true,"href":"https:\/\/eldiariodesanpedro.com.ar\/sitio\/wp-json\/wp\/v2\/media\/17611"}],"wp:attachment":[{"href":"https:\/\/eldiariodesanpedro.com.ar\/sitio\/wp-json\/wp\/v2\/media?parent=17610"}],"wp:term":[{"taxonomy":"category","embeddable":true,"href":"https:\/\/eldiariodesanpedro.com.ar\/sitio\/wp-json\/wp\/v2\/categories?post=17610"},{"taxonomy":"post_tag","embeddable":true,"href":"https:\/\/eldiariodesanpedro.com.ar\/sitio\/wp-json\/wp\/v2\/tags?post=17610"}],"curies":[{"name":"wp","href":"https:\/\/api.w.org\/{rel}","templated":true}]}}