{"id":17607,"date":"2017-04-20T18:48:11","date_gmt":"2017-04-20T21:48:11","guid":{"rendered":"https:\/\/eldiariodesanpedro.com.ar\/sitio\/?p=17607"},"modified":"2017-04-20T18:48:11","modified_gmt":"2017-04-20T21:48:11","slug":"baradero-el-frente-renovador-denuncio-la-falta-de-chalecos-antibalas","status":"publish","type":"post","link":"https:\/\/eldiariodesanpedro.com.ar\/sitio\/baradero-el-frente-renovador-denuncio-la-falta-de-chalecos-antibalas\/","title":{"rendered":"BARADERO: El Frente Renovador denunci\u00f3 la falta de chalecos antibalas"},"content":{"rendered":"<p><!-- VideographyWP Plugin Message: Automatic video embedding prevented by plugin options. --><br \/>\nEl concejal del Frente Renovador Peronista, Guillermo Paniagua, manifest\u00f3 su preocupaci\u00f3n por las condiciones en las que se encuentran trabajando los nuevos efectivos incorporados y quienes fueron absorbidos finalmente por la polic\u00eda de la provincia.<\/p>\n<p>A su vez, el edil dijo tambi\u00e9n dijo respecto de los chalecos que \u201clos que est\u00e1n, est\u00e1n pronto a vencerse\u201d y agreg\u00f3 \u201cno cuentan con equipos de comunicaciones tipo Handy\u201d.<\/p>\n<p>Su planteo es que muchos de los polic\u00edas de nuestra ciudad no cuentan con su chaleco antibalas.<\/p>\n<p>Por eso explic\u00f3 que \u201cse solicita al Ministerio la urgente provisi\u00f3n de este tipo de elementos\u201d.<\/p>\n<p>El concejal dijo que est\u00e1 bien exigir un buen accionar a la polic\u00eda pero que es necesario proveerla de los recursos necesarios para no exponer sus vidas injustificadamente. (Tu L\u00ednea Directa)<\/p>\n","protected":false},"excerpt":{"rendered":"<p>El concejal del Frente Renovador Peronista, Guillermo Paniagua, manifest\u00f3 su preocupaci\u00f3n por las condiciones en las que se encuentran trabajando los nuevos efectivos incorporados y quienes fueron absorbidos finalmente por la polic\u00eda de la provincia. A su vez, el edil dijo tambi\u00e9n dijo respecto de los chalecos que \u201clos que est\u00e1n, est\u00e1n pronto a vencerse\u201d [&hellip;]<\/p>\n","protected":false},"author":4,"featured_media":17608,"comment_status":"open","ping_status":"closed","sticky":false,"template":"","format":"standard","meta":{"om_disable_all_campaigns":false,"_jetpack_memberships_contains_paid_content":false,"footnotes":""},"categories":[621],"tags":[],"class_list":["post-17607","post","type-post","status-publish","format-standard","has-post-thumbnail","hentry","category-regionales"],"aioseo_notices":[],"gutentor_comment":0,"jetpack_featured_media_url":"https:\/\/eldiariodesanpedro.com.ar\/sitio\/wp-content\/uploads\/2017\/04\/chaleco-antibalas.jpg","jetpack_shortlink":"https:\/\/wp.me\/p6RhLt-4zZ","jetpack_sharing_enabled":true,"_links":{"self":[{"href":"https:\/\/eldiariodesanpedro.com.ar\/sitio\/wp-json\/wp\/v2\/posts\/17607","targetHints":{"allow":["GET"]}}],"collection":[{"href":"https:\/\/eldiariodesanpedro.com.ar\/sitio\/wp-json\/wp\/v2\/posts"}],"about":[{"href":"https:\/\/eldiariodesanpedro.com.ar\/sitio\/wp-json\/wp\/v2\/types\/post"}],"author":[{"embeddable":true,"href":"https:\/\/eldiariodesanpedro.com.ar\/sitio\/wp-json\/wp\/v2\/users\/4"}],"replies":[{"embeddable":true,"href":"https:\/\/eldiariodesanpedro.com.ar\/sitio\/wp-json\/wp\/v2\/comments?post=17607"}],"version-history":[{"count":1,"href":"https:\/\/eldiariodesanpedro.com.ar\/sitio\/wp-json\/wp\/v2\/posts\/17607\/revisions"}],"predecessor-version":[{"id":17609,"href":"https:\/\/eldiariodesanpedro.com.ar\/sitio\/wp-json\/wp\/v2\/posts\/17607\/revisions\/17609"}],"wp:featuredmedia":[{"embeddable":true,"href":"https:\/\/eldiariodesanpedro.com.ar\/sitio\/wp-json\/wp\/v2\/media\/17608"}],"wp:attachment":[{"href":"https:\/\/eldiariodesanpedro.com.ar\/sitio\/wp-json\/wp\/v2\/media?parent=17607"}],"wp:term":[{"taxonomy":"category","embeddable":true,"href":"https:\/\/eldiariodesanpedro.com.ar\/sitio\/wp-json\/wp\/v2\/categories?post=17607"},{"taxonomy":"post_tag","embeddable":true,"href":"https:\/\/eldiariodesanpedro.com.ar\/sitio\/wp-json\/wp\/v2\/tags?post=17607"}],"curies":[{"name":"wp","href":"https:\/\/api.w.org\/{rel}","templated":true}]}}