{"id":17603,"date":"2017-04-20T18:46:06","date_gmt":"2017-04-20T21:46:06","guid":{"rendered":"https:\/\/eldiariodesanpedro.com.ar\/sitio\/?p=17603"},"modified":"2017-04-20T18:46:06","modified_gmt":"2017-04-20T21:46:06","slug":"san-nicolas-el-ejercito-limpia-la-catedral-tras-el-incendio-para-habilitar-su-posterior-restauracion","status":"publish","type":"post","link":"https:\/\/eldiariodesanpedro.com.ar\/sitio\/san-nicolas-el-ejercito-limpia-la-catedral-tras-el-incendio-para-habilitar-su-posterior-restauracion\/","title":{"rendered":"SAN NICOL\u00c1S: El Ej\u00e9rcito limpia la Catedral tras el incendio, para habilitar su posterior restauraci\u00f3n"},"content":{"rendered":"<p><!-- VideographyWP Plugin Message: Automatic video embedding prevented by plugin options. --><br \/>\nLas llamas ocasionadas el 26 de enero pasado en el templo central de San Nicol\u00e1s, hicieron desaparecer mucho de lo que se encontraba en el ala central. Durante la jornada pasada, se inici\u00f3 la etapa denominada `templo limpio y seguro`, que lo dejar\u00e1 en condiciones de comenzar la reconstrucci\u00f3n. En las tareas que realiza personal del Cuartel de nuestra ciudad, est\u00e1n trabajando alrededor de 20 personas.<\/p>\n<p>Personal del Ej\u00e9rcito Argentino (del Cuartel de San Nicol\u00e1s) comenz\u00f3 ayer tareas de limpieza en la Catedral de nuestra ciudad. Los trabajos que demandar\u00e1n algunos d\u00edas, dejar\u00e1n las condiciones necesarias con vistas a la restauraci\u00f3n del templo tras el incendio sufrido el 26 de enero pasado.<\/p>\n<p>El Padre Iv\u00e1n, dialog\u00f3 con este medio y cont\u00f3 la situaci\u00f3n actual y los pr\u00f3ximos pasos.<\/p>\n<p>Luego de gestiones y cuestiones inherentes a la organizaci\u00f3n tras las llamas que afectaron pr\u00e1cticamente toda el ala central de la Iglesia de Guardia Nacional y Mitre, se inici\u00f3 durante la jornada pasada el acondicionamiento para la reconstrucci\u00f3n. <\/p>\n<p>Para la obra, el Obispado y el templo central -a cargo del Padre Adri\u00e1n- formaron una Comisi\u00f3n especial. <\/p>\n<p><strong>Acondicionamiento<\/strong><\/p>\n<p>En esta instancia se dejar\u00e1 el tiemplo libre para la circulaci\u00f3n, para lo que va a venir. <\/p>\n<p>El incendio dej\u00f3 muchos escombros, hizo caer el cielo raso de la zona del Presbiterio, quem\u00f3 la nave central. El retablo, el \u00f3rgano, la base del coro, se perdieron completamente, al igual que unos bancos. Por la c\u00fapula, el fuego `busc\u00f3 salir` y produjo filtraciones, y rotura de vidrios.   <\/p>\n<p>Luego de las llamas, se retiraron la mayor\u00eda de las im\u00e1genes de las alas laterales, ventiladores, bancos, entre otros elementos.<br \/>\nEn las tareas de limpieza, est\u00e1n trabajando alrededor de 20 personas. <\/p>\n<p>La parte m\u00e1s alta que implicar\u00e1 la reconstrucci\u00f3n y restauraci\u00f3n, es de unos 36 metros. <\/p>\n<p><strong>Im\u00e1genes religiosas<\/strong><\/p>\n<p>Seg\u00fan precis\u00f3 el Padre Iv\u00e1n, las im\u00e1genes de las alas laterales no fueron afectadas por el fuego, solamente por el holl\u00edn y el calor, tampoco las tumbas. S\u00ed fue afectado el retablo de la izquierda de Nuestra Se\u00f1ora del Carmen en la parte superior, \u201cpero los Bomberos lo pudieron salvar\u201d. <\/p>\n<p>El Sant\u00edsimo y la eucarist\u00eda expuesta (en la Capilla de oraci\u00f3n permanente) no sufrieron da\u00f1os, tampoco el anexo que comprende la Secretar\u00eda y que contiene documentaci\u00f3n. El calor y el fuego circularon mayormente por la parte central. (Diario EL Norte)<\/p>\n","protected":false},"excerpt":{"rendered":"<p>Las llamas ocasionadas el 26 de enero pasado en el templo central de San Nicol\u00e1s, hicieron desaparecer mucho de lo que se encontraba en el ala central. Durante la jornada pasada, se inici\u00f3 la etapa denominada `templo limpio y seguro`, que lo dejar\u00e1 en condiciones de comenzar la reconstrucci\u00f3n. En las tareas que realiza personal [&hellip;]<\/p>\n","protected":false},"author":4,"featured_media":17605,"comment_status":"open","ping_status":"closed","sticky":false,"template":"","format":"standard","meta":{"om_disable_all_campaigns":false,"_jetpack_memberships_contains_paid_content":false,"footnotes":""},"categories":[621],"tags":[],"class_list":["post-17603","post","type-post","status-publish","format-standard","has-post-thumbnail","hentry","category-regionales"],"aioseo_notices":[],"gutentor_comment":0,"jetpack_featured_media_url":"https:\/\/eldiariodesanpedro.com.ar\/sitio\/wp-content\/uploads\/2017\/04\/La-Catedral-de-San-Nicol\u00e1s.jpg","jetpack_shortlink":"https:\/\/wp.me\/p6RhLt-4zV","jetpack_sharing_enabled":true,"_links":{"self":[{"href":"https:\/\/eldiariodesanpedro.com.ar\/sitio\/wp-json\/wp\/v2\/posts\/17603","targetHints":{"allow":["GET"]}}],"collection":[{"href":"https:\/\/eldiariodesanpedro.com.ar\/sitio\/wp-json\/wp\/v2\/posts"}],"about":[{"href":"https:\/\/eldiariodesanpedro.com.ar\/sitio\/wp-json\/wp\/v2\/types\/post"}],"author":[{"embeddable":true,"href":"https:\/\/eldiariodesanpedro.com.ar\/sitio\/wp-json\/wp\/v2\/users\/4"}],"replies":[{"embeddable":true,"href":"https:\/\/eldiariodesanpedro.com.ar\/sitio\/wp-json\/wp\/v2\/comments?post=17603"}],"version-history":[{"count":1,"href":"https:\/\/eldiariodesanpedro.com.ar\/sitio\/wp-json\/wp\/v2\/posts\/17603\/revisions"}],"predecessor-version":[{"id":17606,"href":"https:\/\/eldiariodesanpedro.com.ar\/sitio\/wp-json\/wp\/v2\/posts\/17603\/revisions\/17606"}],"wp:featuredmedia":[{"embeddable":true,"href":"https:\/\/eldiariodesanpedro.com.ar\/sitio\/wp-json\/wp\/v2\/media\/17605"}],"wp:attachment":[{"href":"https:\/\/eldiariodesanpedro.com.ar\/sitio\/wp-json\/wp\/v2\/media?parent=17603"}],"wp:term":[{"taxonomy":"category","embeddable":true,"href":"https:\/\/eldiariodesanpedro.com.ar\/sitio\/wp-json\/wp\/v2\/categories?post=17603"},{"taxonomy":"post_tag","embeddable":true,"href":"https:\/\/eldiariodesanpedro.com.ar\/sitio\/wp-json\/wp\/v2\/tags?post=17603"}],"curies":[{"name":"wp","href":"https:\/\/api.w.org\/{rel}","templated":true}]}}