{"id":17598,"date":"2017-04-20T18:43:40","date_gmt":"2017-04-20T21:43:40","guid":{"rendered":"https:\/\/eldiariodesanpedro.com.ar\/sitio\/?p=17598"},"modified":"2017-04-20T18:43:40","modified_gmt":"2017-04-20T21:43:40","slug":"sentencieron-a-6-anos-a-kukato-garcia-pero-seguira-en-libertad","status":"publish","type":"post","link":"https:\/\/eldiariodesanpedro.com.ar\/sitio\/sentencieron-a-6-anos-a-kukato-garcia-pero-seguira-en-libertad\/","title":{"rendered":"Sentencieron a 6 a\u00f1os a \u201cKukato\u201d Garc\u00eda pero seguir\u00e1 en libertad"},"content":{"rendered":"<p><!-- VideographyWP Plugin Message: Automatic video embedding prevented by plugin options. --><br \/>\nContinuar\u00e1 en libertad al menos, mientras dura el proceso de apelaci\u00f3n ante el Tribunal de Casaci\u00f3n. Esto se concretar\u00eda en un a\u00f1o y medio reci\u00e9n.<\/p>\n<p>\u201cMantiene la libertad con la obligaci\u00f3n de ir a firmar al Tribunal, hasta que quede firme la sentencia\u201d. \u201cVamos a apelar en el Tribunal de Casaci\u00f3n\u201d, sostuvo el Dr. Hugo Lima, abogado de Garc\u00eda a trav\u00e9s de \u201cEl C\u00edrculo\u201d en \u201cLa Radio 92.3\u201d.<\/p>\n<p>\u201cPor un lado tiene una condena, m\u00e1s all\u00e1 que se pone el m\u00ednimo porque 6 a\u00f1os es el m\u00ednimo del delito que le est\u00e1n imputando y por otro lado mantuvo la libertad que era lo que m\u00e1s uno pelaba para no la pierda, sobre todo teniendo en cuenta a algunos los detuvieron ah\u00ed mismo\u201d, dijo el letrado.<\/p>\n<p>\u201cEstos fallos son previsibles teniendo en cuenta que son muy medi\u00e1ticos\u201d dijo luego y agreg\u00f3: \u201c\u00c9l no pertenec\u00eda a ninguna banda, no conoc\u00eda a los colombianos, ni a los peruanos, ni a la monja. \u00c9l hac\u00eda una operaci\u00f3n con una persona, admiti\u00f3 ser consumidor y eso no lo circunscribe a una banda de narcotraficantes internacionales\u201d.<\/p>\n<p>Se vio esperanzando ante la instancia que su defendido deber\u00e1 comparecer ante el Tribunal de Casaci\u00f3n: \u201cLa sala que a \u00e9l le toca es una de las m\u00e1s garantistas, donde se van a  aplicar los derechos constitucionales reales que lo benefician\u201d.<\/p>\n<p>En tanto que el Tribunal Federal Oral N\u00ba 2 de Rosario conden\u00f3 a nueve a\u00f1os de prisi\u00f3n al narcotraficante sin nombre que formaba parte de una banda dedicada al contrabando y venta de sustancias prohibidas a Australia, Holanda y Espa\u00f1a. Ir\u00e1 a la c\u00e1rcel, curiosamente, sin que se sepa de qui\u00e9n se trata, un misterio que los investigadores conf\u00edan en poder esclarecer.<\/p>\n<p>Tras una investigaci\u00f3n iniciada 12 a\u00f1os atr\u00e1s, hoy fueron sentenciados a prisi\u00f3n a nueve de los diez acusados en la causa que logr\u00f3 desentra\u00f1ar la operaci\u00f3n de una organizaci\u00f3n delictiva dedicada al narcotr\u00e1fico y liderada por colombianos.<\/p>\n<p>Se trata de Marcelo Viradelli, quien recibi\u00f3 la mayor condena, 12 a\u00f1os de c\u00e1rcel; Diego L\u00f3pez Echevarr\u00eda, quien recibi\u00f3 una pena de 10 a\u00f1os; Argemiro Sierra Pastrana, Luis Esquivel y Oscar Rey Pati\u00f1o, a 9 a\u00f1os; Cristian Serra y Sulan Ortega a 6 a\u00f1os; y Axel Manderioli a 3 a\u00f1os. Juana Quispe deber\u00e1 cumplir 3 a\u00f1os de libertad condicional. <\/p>\n<p><strong>La investigaci\u00f3n<\/strong><\/p>\n<p>Todo empez\u00f3 con un llamado an\u00f3nimo a la comisar\u00eda de San Pedro, donde alguien se\u00f1alaba a \u00abKukato\u00bb Garc\u00eda como vendedor de drogas mediante delivery. Una brigada policial lo empez\u00f3 a seguir hasta descubrir, buscando a sus proveedores, una organizaci\u00f3n narco internacional conducida por un ganadero colombiano al que le abonaban sus env\u00edos mediante giros de la empresa Western Union.<\/p>\n<p>Por escuchas se estableci\u00f3 que un hombre llamado Marcelo Biradelli, due\u00f1o de un bar en la ciudad de Campana, le compraba estupefacientes a L\u00f3pez Echeverr\u00eda en Capital Federal para alimentar a una red de vendedores minoristas. Entre estos estaban Javier \u00abKukato\u00bb Garc\u00eda, Axel Manderiolli, Horacio Biradelli, Cristian Serra, Mat\u00edas Uriel G\u00f3mez y Juana Quispe Espinoza, detenidos en diciembre de 2009 en Campana y San Pedro.<\/p>\n<p>En una segunda investigaci\u00f3n se determin\u00f3 que la punta del ovillo iba m\u00e1s all\u00e1 de Marcelo Biradelli y L\u00f3pez Echeverr\u00eda. La pesquisa lleg\u00f3 a Sierra Pastrana, que registraba tr\u00e1nsito regular entre Bogot\u00e1 y Buenos Aires. Seg\u00fan la acusaci\u00f3n del fiscal Mat\u00edas Di Lello, hab\u00eda contactos telef\u00f3nicos rutinarios entre Biradelli y Sierra Pastrana, en los que se pactaban encuentros semanales en Capital Federal, el conurbano y Campana. El hacendado colombiano se hab\u00eda ido a su natal Villavicencio en diciembre de 2008 y al enterarse que en noviembre de 2009 hab\u00edan ca\u00eddo sus contactos no regres\u00f3. Pero Interpol lo ubic\u00f3, fue extraditado el 15 de marzo de 2013 y llevado ayer a los Tribunales. (Fuente consultada La Capital)<\/p>\n","protected":false},"excerpt":{"rendered":"<p>Continuar\u00e1 en libertad al menos, mientras dura el proceso de apelaci\u00f3n ante el Tribunal de Casaci\u00f3n. Esto se concretar\u00eda en un a\u00f1o y medio reci\u00e9n. \u201cMantiene la libertad con la obligaci\u00f3n de ir a firmar al Tribunal, hasta que quede firme la sentencia\u201d. \u201cVamos a apelar en el Tribunal de Casaci\u00f3n\u201d, sostuvo el Dr. Hugo [&hellip;]<\/p>\n","protected":false},"author":4,"featured_media":17602,"comment_status":"open","ping_status":"closed","sticky":false,"template":"","format":"standard","meta":{"om_disable_all_campaigns":false,"_jetpack_memberships_contains_paid_content":false,"footnotes":""},"categories":[50,2,103],"tags":[],"class_list":["post-17598","post","type-post","status-publish","format-standard","has-post-thumbnail","hentry","category-destacadas","category-locales","category-policiales-locales"],"aioseo_notices":[],"gutentor_comment":0,"jetpack_featured_media_url":"https:\/\/eldiariodesanpedro.com.ar\/sitio\/wp-content\/uploads\/2017\/04\/kukato.jpg","jetpack_shortlink":"https:\/\/wp.me\/p6RhLt-4zQ","jetpack_sharing_enabled":true,"_links":{"self":[{"href":"https:\/\/eldiariodesanpedro.com.ar\/sitio\/wp-json\/wp\/v2\/posts\/17598","targetHints":{"allow":["GET"]}}],"collection":[{"href":"https:\/\/eldiariodesanpedro.com.ar\/sitio\/wp-json\/wp\/v2\/posts"}],"about":[{"href":"https:\/\/eldiariodesanpedro.com.ar\/sitio\/wp-json\/wp\/v2\/types\/post"}],"author":[{"embeddable":true,"href":"https:\/\/eldiariodesanpedro.com.ar\/sitio\/wp-json\/wp\/v2\/users\/4"}],"replies":[{"embeddable":true,"href":"https:\/\/eldiariodesanpedro.com.ar\/sitio\/wp-json\/wp\/v2\/comments?post=17598"}],"version-history":[{"count":1,"href":"https:\/\/eldiariodesanpedro.com.ar\/sitio\/wp-json\/wp\/v2\/posts\/17598\/revisions"}],"predecessor-version":[{"id":17601,"href":"https:\/\/eldiariodesanpedro.com.ar\/sitio\/wp-json\/wp\/v2\/posts\/17598\/revisions\/17601"}],"wp:featuredmedia":[{"embeddable":true,"href":"https:\/\/eldiariodesanpedro.com.ar\/sitio\/wp-json\/wp\/v2\/media\/17602"}],"wp:attachment":[{"href":"https:\/\/eldiariodesanpedro.com.ar\/sitio\/wp-json\/wp\/v2\/media?parent=17598"}],"wp:term":[{"taxonomy":"category","embeddable":true,"href":"https:\/\/eldiariodesanpedro.com.ar\/sitio\/wp-json\/wp\/v2\/categories?post=17598"},{"taxonomy":"post_tag","embeddable":true,"href":"https:\/\/eldiariodesanpedro.com.ar\/sitio\/wp-json\/wp\/v2\/tags?post=17598"}],"curies":[{"name":"wp","href":"https:\/\/api.w.org\/{rel}","templated":true}]}}