{"id":17596,"date":"2017-04-20T18:35:44","date_gmt":"2017-04-20T21:35:44","guid":{"rendered":"https:\/\/eldiariodesanpedro.com.ar\/sitio\/?p=17596"},"modified":"2017-04-20T18:35:44","modified_gmt":"2017-04-20T21:35:44","slug":"detuvieron-a-un-sujeto-acusado-de-abusar-de-su-hermana-de-13","status":"publish","type":"post","link":"https:\/\/eldiariodesanpedro.com.ar\/sitio\/detuvieron-a-un-sujeto-acusado-de-abusar-de-su-hermana-de-13\/","title":{"rendered":"Detuvieron a un sujeto acusado de abusar de su hermana de 13"},"content":{"rendered":"<p><!-- VideographyWP Plugin Message: Automatic video embedding prevented by plugin options. --><br \/>\nEn la jornada del d\u00eda mi\u00e9rcoles por la tarde tras las tareas investigativas personal de la SUB DDI Baradero \u2013 San Pedro, encabezados del Sub Comisario Cerdeyra, junto a efectivos de la Comisar\u00eda local a cargo del Subcomisario Juan Catalano, realizaron la detenci\u00f3n del sujeto de 18 a\u00f1os acusado de abusar de su hermana de 13 a\u00f1os.<\/p>\n<p>La medida fue librada por el Juzgado de Garant\u00edas N\u00ba 1 de la Dra. Mar\u00eda Laura V\u00e1zquez, a ra\u00edz de ella fue capturado por los delitos: \u201cAbuso Sexual Gravemente Ultrajante, Amenazas Agravadas y Corrupci\u00f3n de Menores Agravada, hecho este denunciado a principios del pasado a\u00f1o.<\/p>\n<p>En dicha Investigaci\u00f3n Penal Preparatoria tom\u00f3 intervenci\u00f3n la Fiscal\u00eda N\u00ba 11 a cargo de la Dra. Viviana Ramos.<br \/>\nCumplimentadas todas las diligencias procesales el joven permanecer\u00e1 alojado en la comisar\u00eda de San Pedro hasta tanto se obtenga cupo en unidades carcelarias.<\/p>\n","protected":false},"excerpt":{"rendered":"<p>En la jornada del d\u00eda mi\u00e9rcoles por la tarde tras las tareas investigativas personal de la SUB DDI Baradero \u2013 San Pedro, encabezados del Sub Comisario Cerdeyra, junto a efectivos de la Comisar\u00eda local a cargo del Subcomisario Juan Catalano, realizaron la detenci\u00f3n del sujeto de 18 a\u00f1os acusado de abusar de su hermana de [&hellip;]<\/p>\n","protected":false},"author":4,"featured_media":4713,"comment_status":"open","ping_status":"closed","sticky":false,"template":"","format":"standard","meta":{"om_disable_all_campaigns":false,"_jetpack_memberships_contains_paid_content":false,"footnotes":""},"categories":[50,2,103],"tags":[],"class_list":["post-17596","post","type-post","status-publish","format-standard","has-post-thumbnail","hentry","category-destacadas","category-locales","category-policiales-locales"],"aioseo_notices":[],"gutentor_comment":0,"jetpack_featured_media_url":"https:\/\/eldiariodesanpedro.com.ar\/sitio\/wp-content\/uploads\/2016\/05\/detenido.jpg","jetpack_shortlink":"https:\/\/wp.me\/p6RhLt-4zO","jetpack_sharing_enabled":true,"_links":{"self":[{"href":"https:\/\/eldiariodesanpedro.com.ar\/sitio\/wp-json\/wp\/v2\/posts\/17596","targetHints":{"allow":["GET"]}}],"collection":[{"href":"https:\/\/eldiariodesanpedro.com.ar\/sitio\/wp-json\/wp\/v2\/posts"}],"about":[{"href":"https:\/\/eldiariodesanpedro.com.ar\/sitio\/wp-json\/wp\/v2\/types\/post"}],"author":[{"embeddable":true,"href":"https:\/\/eldiariodesanpedro.com.ar\/sitio\/wp-json\/wp\/v2\/users\/4"}],"replies":[{"embeddable":true,"href":"https:\/\/eldiariodesanpedro.com.ar\/sitio\/wp-json\/wp\/v2\/comments?post=17596"}],"version-history":[{"count":1,"href":"https:\/\/eldiariodesanpedro.com.ar\/sitio\/wp-json\/wp\/v2\/posts\/17596\/revisions"}],"predecessor-version":[{"id":17599,"href":"https:\/\/eldiariodesanpedro.com.ar\/sitio\/wp-json\/wp\/v2\/posts\/17596\/revisions\/17599"}],"wp:featuredmedia":[{"embeddable":true,"href":"https:\/\/eldiariodesanpedro.com.ar\/sitio\/wp-json\/wp\/v2\/media\/4713"}],"wp:attachment":[{"href":"https:\/\/eldiariodesanpedro.com.ar\/sitio\/wp-json\/wp\/v2\/media?parent=17596"}],"wp:term":[{"taxonomy":"category","embeddable":true,"href":"https:\/\/eldiariodesanpedro.com.ar\/sitio\/wp-json\/wp\/v2\/categories?post=17596"},{"taxonomy":"post_tag","embeddable":true,"href":"https:\/\/eldiariodesanpedro.com.ar\/sitio\/wp-json\/wp\/v2\/tags?post=17596"}],"curies":[{"name":"wp","href":"https:\/\/api.w.org\/{rel}","templated":true}]}}