{"id":17595,"date":"2017-04-20T18:34:15","date_gmt":"2017-04-20T21:34:15","guid":{"rendered":"https:\/\/eldiariodesanpedro.com.ar\/sitio\/?p=17595"},"modified":"2017-04-20T18:34:15","modified_gmt":"2017-04-20T21:34:15","slug":"como-obtener-el-numero-de-cuil-2","status":"publish","type":"post","link":"https:\/\/eldiariodesanpedro.com.ar\/sitio\/como-obtener-el-numero-de-cuil-2\/","title":{"rendered":"C\u00f3mo obtener el n\u00famero de CUIL"},"content":{"rendered":"<p><!-- VideographyWP Plugin Message: Automatic video embedding prevented by plugin options. --><br \/>\nEl C\u00f3digo \u00danico de Identificaci\u00f3n Laboral (CUIL) es el n\u00famero que identifica a cada ciudadano dentro del Sistema Integrado Previsional Argentino (SIPA). Est\u00e1 conformado por tres partes: un prefijo de dos d\u00edgitos (que puede ser por ejemplo: 20\/23\/24\/27); un n\u00famero central que se corresponde con el n\u00famero de documento de cada uno y un d\u00edgito verificador al final que resulta de un c\u00e1lculo espec\u00edfico que hace al CUIL \u00fanico e intransferible. <\/p>\n<p>Actualmente, el CUIL se asigna cuando una persona se registra en la base de datos de la ANSES a partir de la solicitud de una prestaci\u00f3n previsional, en la mayor\u00eda de los casos, se asigna al menor cuya madre registra sus datos para el cobro de Asignaciones Familiares y, luego, el CUIL lo acompa\u00f1ar\u00e1 durante toda su vida.<\/p>\n<p>Para obtenerlo por primera vez, el interesado deber\u00e1 dirigirse a una oficina de la ANSES con la documentaci\u00f3n respaldatoria. Si ya se gener\u00f3 y se desea imprimir la constancia desde Internet, deber\u00e1 ingresar a www.anses.gob.ar, secci\u00f3n Mi ANSES \u2013 Tr\u00e1mites, Otros tr\u00e1mites en l\u00ednea, Constancia de CUIL, o desde la pantalla principal del sitio. <\/p>\n<p><strong>Grupo de pago para ma\u00f1ana<\/strong><\/p>\n<p>Jubilados y pensionados cuyos haberes no superan los $7266 y sus documentos terminan en 9. <\/p>\n<p>Los calendarios de pagos de todas las prestaciones pueden consultarse en www.anses.gob.ar. <\/p>\n","protected":false},"excerpt":{"rendered":"<p>El C\u00f3digo \u00danico de Identificaci\u00f3n Laboral (CUIL) es el n\u00famero que identifica a cada ciudadano dentro del Sistema Integrado Previsional Argentino (SIPA). Est\u00e1 conformado por tres partes: un prefijo de dos d\u00edgitos (que puede ser por ejemplo: 20\/23\/24\/27); un n\u00famero central que se corresponde con el n\u00famero de documento de cada uno y un d\u00edgito [&hellip;]<\/p>\n","protected":false},"author":4,"featured_media":3392,"comment_status":"open","ping_status":"closed","sticky":false,"template":"","format":"standard","meta":{"om_disable_all_campaigns":false,"_jetpack_memberships_contains_paid_content":false,"footnotes":""},"categories":[101,2],"tags":[],"class_list":["post-17595","post","type-post","status-publish","format-standard","has-post-thumbnail","hentry","category-interes-general-locales","category-locales"],"aioseo_notices":[],"gutentor_comment":0,"jetpack_featured_media_url":"https:\/\/eldiariodesanpedro.com.ar\/sitio\/wp-content\/uploads\/2016\/04\/MAT7-ANSES2.jpg","jetpack_shortlink":"https:\/\/wp.me\/p6RhLt-4zN","jetpack_sharing_enabled":true,"_links":{"self":[{"href":"https:\/\/eldiariodesanpedro.com.ar\/sitio\/wp-json\/wp\/v2\/posts\/17595","targetHints":{"allow":["GET"]}}],"collection":[{"href":"https:\/\/eldiariodesanpedro.com.ar\/sitio\/wp-json\/wp\/v2\/posts"}],"about":[{"href":"https:\/\/eldiariodesanpedro.com.ar\/sitio\/wp-json\/wp\/v2\/types\/post"}],"author":[{"embeddable":true,"href":"https:\/\/eldiariodesanpedro.com.ar\/sitio\/wp-json\/wp\/v2\/users\/4"}],"replies":[{"embeddable":true,"href":"https:\/\/eldiariodesanpedro.com.ar\/sitio\/wp-json\/wp\/v2\/comments?post=17595"}],"version-history":[{"count":1,"href":"https:\/\/eldiariodesanpedro.com.ar\/sitio\/wp-json\/wp\/v2\/posts\/17595\/revisions"}],"predecessor-version":[{"id":17597,"href":"https:\/\/eldiariodesanpedro.com.ar\/sitio\/wp-json\/wp\/v2\/posts\/17595\/revisions\/17597"}],"wp:featuredmedia":[{"embeddable":true,"href":"https:\/\/eldiariodesanpedro.com.ar\/sitio\/wp-json\/wp\/v2\/media\/3392"}],"wp:attachment":[{"href":"https:\/\/eldiariodesanpedro.com.ar\/sitio\/wp-json\/wp\/v2\/media?parent=17595"}],"wp:term":[{"taxonomy":"category","embeddable":true,"href":"https:\/\/eldiariodesanpedro.com.ar\/sitio\/wp-json\/wp\/v2\/categories?post=17595"},{"taxonomy":"post_tag","embeddable":true,"href":"https:\/\/eldiariodesanpedro.com.ar\/sitio\/wp-json\/wp\/v2\/tags?post=17595"}],"curies":[{"name":"wp","href":"https:\/\/api.w.org\/{rel}","templated":true}]}}