{"id":17593,"date":"2017-04-20T18:31:04","date_gmt":"2017-04-20T21:31:04","guid":{"rendered":"https:\/\/eldiariodesanpedro.com.ar\/sitio\/?p=17593"},"modified":"2017-04-20T18:31:04","modified_gmt":"2017-04-20T21:31:04","slug":"nadar-mariposa-en-el-teatro-siripo","status":"publish","type":"post","link":"https:\/\/eldiariodesanpedro.com.ar\/sitio\/nadar-mariposa-en-el-teatro-siripo\/","title":{"rendered":"\u00abNadar mariposa\u00bb en el Teatro Siripo"},"content":{"rendered":"<p><!-- VideographyWP Plugin Message: Automatic video embedding prevented by plugin options. --><br \/>\nSe presentar\u00e1 con entrada libre y gratu\u00edta, el s\u00e1bado pr\u00f3ximo a las 21 hs. La obra es ganadora del concurso micromonologos por la identidad se llevar\u00e1 a cabo en el Teatro Municipal Siripo y cuenta con el auspicio de la Direcci\u00f3n de Cultura. <\/p>\n<p>S\u00edntesis argumental: Pablo en una pileta. Frente a \u00e9l un grupo de personas que lo miran. Es el d\u00eda previo a la competencia y todav\u00eda hay mucho que decir. El repaso de la t\u00e9cnica se fusiona con los recuerdos de juventud. La Mar del Plata de los ochenta es ahora una imagen color sepia. \u00c9l nada. Siempre nada. La competencia se aproxima y tiene miedo. Dice para no sentir. Pero su cuerpo habla. Nos habla. El espacio est\u00e1 lleno de burbujas. Pablo se para en el trampol\u00edn. Es hora de saltar.<\/p>\n<p>Palabras del director: \u201cNadar mariposa indaga en la relaci\u00f3n entre el \u201cdeber\u201d y el \u201cdeseo\u201d en la sociedad contempor\u00e1nea en el marco del deporte de alta competencia: \u201c\u00bfd\u00f3nde queda el placer cuando los mandatos y la exigencia parecen ser los \u00fanicos caminos al \u00e9xito?\u201d y \u201c\u00bfqu\u00e9 pasa con el cuerpo cuando es la mente lo que domina la existencia?\u201d parecen ser los interrogantes dominantes de la propuesta. Con una puesta sint\u00e9tica, Nadar mariposa apuesta al humor para contar una historia que no solo reflexiona sobre la masculinidad en el mundo del deporte, sino tambi\u00e9n se pregunta por el peso que los recuerdos de la juventud tienen en nuestra vida cotidiana\u201d.<\/p>\n","protected":false},"excerpt":{"rendered":"<p>Se presentar\u00e1 con entrada libre y gratu\u00edta, el s\u00e1bado pr\u00f3ximo a las 21 hs. La obra es ganadora del concurso micromonologos por la identidad se llevar\u00e1 a cabo en el Teatro Municipal Siripo y cuenta con el auspicio de la Direcci\u00f3n de Cultura. S\u00edntesis argumental: Pablo en una pileta. Frente a \u00e9l un grupo de [&hellip;]<\/p>\n","protected":false},"author":4,"featured_media":9974,"comment_status":"open","ping_status":"closed","sticky":false,"template":"","format":"standard","meta":{"om_disable_all_campaigns":false,"_jetpack_memberships_contains_paid_content":false,"footnotes":""},"categories":[101,2],"tags":[],"class_list":["post-17593","post","type-post","status-publish","format-standard","has-post-thumbnail","hentry","category-interes-general-locales","category-locales"],"aioseo_notices":[],"gutentor_comment":0,"jetpack_featured_media_url":"https:\/\/eldiariodesanpedro.com.ar\/sitio\/wp-content\/uploads\/2016\/11\/siripo-arte-2016.jpg","jetpack_shortlink":"https:\/\/wp.me\/p6RhLt-4zL","jetpack_sharing_enabled":true,"_links":{"self":[{"href":"https:\/\/eldiariodesanpedro.com.ar\/sitio\/wp-json\/wp\/v2\/posts\/17593","targetHints":{"allow":["GET"]}}],"collection":[{"href":"https:\/\/eldiariodesanpedro.com.ar\/sitio\/wp-json\/wp\/v2\/posts"}],"about":[{"href":"https:\/\/eldiariodesanpedro.com.ar\/sitio\/wp-json\/wp\/v2\/types\/post"}],"author":[{"embeddable":true,"href":"https:\/\/eldiariodesanpedro.com.ar\/sitio\/wp-json\/wp\/v2\/users\/4"}],"replies":[{"embeddable":true,"href":"https:\/\/eldiariodesanpedro.com.ar\/sitio\/wp-json\/wp\/v2\/comments?post=17593"}],"version-history":[{"count":1,"href":"https:\/\/eldiariodesanpedro.com.ar\/sitio\/wp-json\/wp\/v2\/posts\/17593\/revisions"}],"predecessor-version":[{"id":17594,"href":"https:\/\/eldiariodesanpedro.com.ar\/sitio\/wp-json\/wp\/v2\/posts\/17593\/revisions\/17594"}],"wp:featuredmedia":[{"embeddable":true,"href":"https:\/\/eldiariodesanpedro.com.ar\/sitio\/wp-json\/wp\/v2\/media\/9974"}],"wp:attachment":[{"href":"https:\/\/eldiariodesanpedro.com.ar\/sitio\/wp-json\/wp\/v2\/media?parent=17593"}],"wp:term":[{"taxonomy":"category","embeddable":true,"href":"https:\/\/eldiariodesanpedro.com.ar\/sitio\/wp-json\/wp\/v2\/categories?post=17593"},{"taxonomy":"post_tag","embeddable":true,"href":"https:\/\/eldiariodesanpedro.com.ar\/sitio\/wp-json\/wp\/v2\/tags?post=17593"}],"curies":[{"name":"wp","href":"https:\/\/api.w.org\/{rel}","templated":true}]}}