{"id":17581,"date":"2017-04-19T20:06:19","date_gmt":"2017-04-19T23:06:19","guid":{"rendered":"https:\/\/eldiariodesanpedro.com.ar\/sitio\/?p=17581"},"modified":"2026-01-24T00:26:37","modified_gmt":"2026-01-24T03:26:37","slug":"futbol-local-sportivo-le-gano-a-atletico-completando-la-3er-fecha-del-apertura","status":"publish","type":"post","link":"https:\/\/eldiariodesanpedro.com.ar\/sitio\/futbol-local-sportivo-le-gano-a-atletico-completando-la-3er-fecha-del-apertura\/","title":{"rendered":"F\u00daTBOL LOCAL: Sportivo le gan\u00f3 a Atl\u00e9tico completando la 3er  Fecha del Apertura"},"content":{"rendered":"<p><!-- VideographyWP Plugin Message: Automatic video embedding prevented by plugin options. --><br \/>\nSportivo derrot\u00f3 a Atl\u00e9tico completando la 3er Fecha del Torneo Apertura \u00abPedro Barri\u00bb zona \u00abC\u00bb, jugando el cl\u00e1sico de Baradero. Fue 3 a 0 con goles de Dar\u00edo Sandoval, Diego Santoro y Emmanuel P\u00edo.<\/p>\n<p><strong>S\u00edntesis<\/strong><\/p>\n<p>Sportivo (3): Tedeschi, Santoro, G\u00f3mez, Orlando, Gastellu, Machena, Mar\u00edn (D&#8217;Angelo), P\u00edo, Castro, Sandoval (Somohano) y Poll (Navarro) DT: Marcos Barlatay: Suplentes: Giamperetti y Vera.<\/p>\n<p>Atl\u00e9tico (0): Vacirca, Gonz\u00e1lez, Dur\u00e1n, Buzzato, Z\u00e1rate (Bracco), Sp\u00f3sito, Mart\u00ednez, Mazzuco, Chapuis, Centuri\u00f3n (Seisdedos) y Molina (Tab\u00e1rez). DT: Gustavo Fortunato. Suplentes: Gim\u00e9nez y Atencio.<\/p>\n<p>Goles en el segundo tiempo: Sandoval, Santoro y P\u00edo (S)<\/p>\n<p>Incidencias: Fueron expulsados Gastellu (S) y Dur\u00e1n (A)<br \/>\n\u00c1rbitro: Horacio Arias<\/p>\n<p>Segunda: 1-2<br \/>\nSexta: 2-1<\/p>\n<p><strong>Posiciones<\/strong><\/p>\n<p><em>Primera &#8211; Zona C<\/em><br \/>\nSportivo\t\t9<br \/>\nDeportivo Alsina \t5<br \/>\nAtl\u00e9tico\t\t4<br \/>\nIreneo Portela\t\t3<br \/>\nRivadavia\t\t2<br \/>\nFundici\u00f3n\t\t1<\/p>\n<p><em>Segunda &#8211; Zona C<\/em><br \/>\nIreneo Portela \t        7<br \/>\nFundici\u00f3n\t\t6<br \/>\nAtl\u00e9tico\t\t4<br \/>\nDeportivo Alsina\t3<br \/>\nRivadavia\t\t2<br \/>\nSportivo\t\t1<\/p>\n<p><em>Sexta &#8211; Zona C<\/em><br \/>\nFundici\u00f3n\t\t9<br \/>\nAtl\u00e9tico\t\t6<br \/>\nSportivo\t\t6<br \/>\nRivadavia\t\t3<br \/>\nDeportivo Alsina\t3<br \/>\nIreneo Portela \t        0<\/p>\n<p><em>4ta Fecha<\/em><br \/>\nHorarios: 12.30 (6ta), 14.00 (2\u00b0da) y 15.45 (1ra)<\/p>\n<p><em>Zona A<\/em><br \/>\nGral. San Mart\u00edn vs. Agricultores Club<br \/>\nC. A. Banfield vs. C. A. Mitre<br \/>\nLibre: La Esperanza<\/p>\n<p><em>Zona B<\/em><br \/>\nC. S. Las Palmeras vs. C. D. Central C\u00f3rdoba<br \/>\nSan Roque F.C. vs. C. A. Defensores Unidos<br \/>\nLibre: Paran\u00e1 FC<\/p>\n<p><em>Cl\u00e1sico A y B<\/em><br \/>\nIndependencia F. C. vs. C. S. Am\u00e9rica <\/p>\n<p><em>Zona C<\/em><br \/>\nC. S. y D. I. Portela vs. Rivadavia<br \/>\nDep. Alsina vs. Sportivo<br \/>\nAtl\u00e9tico vs. Fundici\u00f3n F.C.<\/p>\n","protected":false},"excerpt":{"rendered":"<p>Sportivo derrot\u00f3 a Atl\u00e9tico completando la 3er Fecha del Torneo Apertura \u00abPedro Barri\u00bb zona \u00abC\u00bb, jugando el cl\u00e1sico de Baradero. Fue 3 a 0 con goles de Dar\u00edo Sandoval, Diego Santoro y Emmanuel P\u00edo. S\u00edntesis Sportivo (3): Tedeschi, Santoro, G\u00f3mez, Orlando, Gastellu, Machena, Mar\u00edn (D&#8217;Angelo), P\u00edo, Castro, Sandoval (Somohano) y Poll (Navarro) DT: Marcos Barlatay: [&hellip;]<\/p>\n","protected":false},"author":4,"featured_media":12943,"comment_status":"open","ping_status":"closed","sticky":false,"template":"","format":"standard","meta":{"om_disable_all_campaigns":false,"_jetpack_memberships_contains_paid_content":false,"footnotes":""},"categories":[5],"tags":[],"class_list":["post-17581","post","type-post","status-publish","format-standard","has-post-thumbnail","hentry","category-deportes"],"aioseo_notices":[],"gutentor_comment":0,"jetpack_featured_media_url":"https:\/\/eldiariodesanpedro.com.ar\/sitio\/wp-content\/uploads\/2017\/01\/futbol.jpg","jetpack_shortlink":"https:\/\/wp.me\/p6RhLt-4zz","jetpack_sharing_enabled":true,"_links":{"self":[{"href":"https:\/\/eldiariodesanpedro.com.ar\/sitio\/wp-json\/wp\/v2\/posts\/17581","targetHints":{"allow":["GET"]}}],"collection":[{"href":"https:\/\/eldiariodesanpedro.com.ar\/sitio\/wp-json\/wp\/v2\/posts"}],"about":[{"href":"https:\/\/eldiariodesanpedro.com.ar\/sitio\/wp-json\/wp\/v2\/types\/post"}],"author":[{"embeddable":true,"href":"https:\/\/eldiariodesanpedro.com.ar\/sitio\/wp-json\/wp\/v2\/users\/4"}],"replies":[{"embeddable":true,"href":"https:\/\/eldiariodesanpedro.com.ar\/sitio\/wp-json\/wp\/v2\/comments?post=17581"}],"version-history":[{"count":1,"href":"https:\/\/eldiariodesanpedro.com.ar\/sitio\/wp-json\/wp\/v2\/posts\/17581\/revisions"}],"predecessor-version":[{"id":17583,"href":"https:\/\/eldiariodesanpedro.com.ar\/sitio\/wp-json\/wp\/v2\/posts\/17581\/revisions\/17583"}],"wp:featuredmedia":[{"embeddable":true,"href":"https:\/\/eldiariodesanpedro.com.ar\/sitio\/wp-json\/wp\/v2\/media\/12943"}],"wp:attachment":[{"href":"https:\/\/eldiariodesanpedro.com.ar\/sitio\/wp-json\/wp\/v2\/media?parent=17581"}],"wp:term":[{"taxonomy":"category","embeddable":true,"href":"https:\/\/eldiariodesanpedro.com.ar\/sitio\/wp-json\/wp\/v2\/categories?post=17581"},{"taxonomy":"post_tag","embeddable":true,"href":"https:\/\/eldiariodesanpedro.com.ar\/sitio\/wp-json\/wp\/v2\/tags?post=17581"}],"curies":[{"name":"wp","href":"https:\/\/api.w.org\/{rel}","templated":true}]}}