{"id":17576,"date":"2017-04-19T19:50:15","date_gmt":"2017-04-19T22:50:15","guid":{"rendered":"https:\/\/eldiariodesanpedro.com.ar\/sitio\/?p=17576"},"modified":"2026-01-24T00:26:39","modified_gmt":"2026-01-24T03:26:39","slug":"tenis-peyro-logro-coronarse-en-g3","status":"publish","type":"post","link":"https:\/\/eldiariodesanpedro.com.ar\/sitio\/tenis-peyro-logro-coronarse-en-g3\/","title":{"rendered":"TENIS: Peyr\u00f3 logr\u00f3 coronarse en G3"},"content":{"rendered":"<p><!-- VideographyWP Plugin Message: Automatic video embedding prevented by plugin options. --><br \/>\n  La tenista del Club N\u00e1utico \u00c1ngela Peyr\u00f3 fue Campeona del Nacional Grado 3 jugado en el Club CIT de San Nicol\u00e1s. <\/p>\n<p>  En su primer a\u00f1o en la categor\u00eda sub 16, le gan\u00f3 a Berti 6\/3 6\/0 y la final a Portman 6\/4 6\/ 4. <\/p>\n<p>  El pr\u00f3ximo torneo ser\u00e1 un Nacional G2 o G1 el pr\u00f3ximo mes.<\/p>\n","protected":false},"excerpt":{"rendered":"<p>La tenista del Club N\u00e1utico \u00c1ngela Peyr\u00f3 fue Campeona del Nacional Grado 3 jugado en el Club CIT de San Nicol\u00e1s. En su primer a\u00f1o en la categor\u00eda sub 16, le gan\u00f3 a Berti 6\/3 6\/0 y la final a Portman 6\/4 6\/ 4. El pr\u00f3ximo torneo ser\u00e1 un Nacional G2 o G1 el pr\u00f3ximo [&hellip;]<\/p>\n","protected":false},"author":4,"featured_media":17577,"comment_status":"open","ping_status":"closed","sticky":false,"template":"","format":"standard","meta":{"om_disable_all_campaigns":false,"_jetpack_memberships_contains_paid_content":false,"footnotes":""},"categories":[5],"tags":[],"class_list":["post-17576","post","type-post","status-publish","format-standard","has-post-thumbnail","hentry","category-deportes"],"aioseo_notices":[],"gutentor_comment":0,"jetpack_featured_media_url":"https:\/\/eldiariodesanpedro.com.ar\/sitio\/wp-content\/uploads\/2017\/04\/\u00c1ngela-Peyr\u00f3-.jpg","jetpack_shortlink":"https:\/\/wp.me\/p6RhLt-4zu","jetpack_sharing_enabled":true,"_links":{"self":[{"href":"https:\/\/eldiariodesanpedro.com.ar\/sitio\/wp-json\/wp\/v2\/posts\/17576","targetHints":{"allow":["GET"]}}],"collection":[{"href":"https:\/\/eldiariodesanpedro.com.ar\/sitio\/wp-json\/wp\/v2\/posts"}],"about":[{"href":"https:\/\/eldiariodesanpedro.com.ar\/sitio\/wp-json\/wp\/v2\/types\/post"}],"author":[{"embeddable":true,"href":"https:\/\/eldiariodesanpedro.com.ar\/sitio\/wp-json\/wp\/v2\/users\/4"}],"replies":[{"embeddable":true,"href":"https:\/\/eldiariodesanpedro.com.ar\/sitio\/wp-json\/wp\/v2\/comments?post=17576"}],"version-history":[{"count":1,"href":"https:\/\/eldiariodesanpedro.com.ar\/sitio\/wp-json\/wp\/v2\/posts\/17576\/revisions"}],"predecessor-version":[{"id":17579,"href":"https:\/\/eldiariodesanpedro.com.ar\/sitio\/wp-json\/wp\/v2\/posts\/17576\/revisions\/17579"}],"wp:featuredmedia":[{"embeddable":true,"href":"https:\/\/eldiariodesanpedro.com.ar\/sitio\/wp-json\/wp\/v2\/media\/17577"}],"wp:attachment":[{"href":"https:\/\/eldiariodesanpedro.com.ar\/sitio\/wp-json\/wp\/v2\/media?parent=17576"}],"wp:term":[{"taxonomy":"category","embeddable":true,"href":"https:\/\/eldiariodesanpedro.com.ar\/sitio\/wp-json\/wp\/v2\/categories?post=17576"},{"taxonomy":"post_tag","embeddable":true,"href":"https:\/\/eldiariodesanpedro.com.ar\/sitio\/wp-json\/wp\/v2\/tags?post=17576"}],"curies":[{"name":"wp","href":"https:\/\/api.w.org\/{rel}","templated":true}]}}