{"id":17569,"date":"2017-04-19T19:21:37","date_gmt":"2017-04-19T22:21:37","guid":{"rendered":"https:\/\/eldiariodesanpedro.com.ar\/sitio\/?p=17569"},"modified":"2017-04-19T19:21:37","modified_gmt":"2017-04-19T22:21:37","slug":"un-vecino-disparo-contra-jovenes-que-circulaban-en-motos","status":"publish","type":"post","link":"https:\/\/eldiariodesanpedro.com.ar\/sitio\/un-vecino-disparo-contra-jovenes-que-circulaban-en-motos\/","title":{"rendered":"Un vecino dispar\u00f3 contra j\u00f3venes que circulaban en motos"},"content":{"rendered":"<p><!-- VideographyWP Plugin Message: Automatic video embedding prevented by plugin options. --><br \/>\nAsegura estar cansado de la situaci\u00f3n que atraviesa con las motos y los ruidos. Juan Romos, vecino de la calle Juan Sosa 146 del Barrio Amespil, vive hace 25 a\u00f1os en el lugar. Cansado de la situaci\u00f3n que atraviesa con las motos y los ruidos, sumado a un tratamiento psicol\u00f3gico y psiqui\u00e1trico generado por esto, este fin de semana dispar\u00f3 contra los j\u00f3venes. \u201cPor ahora les tiro donde yo quiero\u201d.<\/p>\n<p>La situaci\u00f3n se agrava en la ciudad, y los vecinos ya piensan hacer justicia por mano propia. Juan, desbordado por la problem\u00e1tica, asegur\u00f3 que en el \u00faltimo s\u00e1bado por la madrugada sali\u00f3 a la calle, apunt\u00f3 a las ruedas de las motos de los j\u00f3venes que pasaban frente a su casa y dispar\u00f3 tres tiros. \u201cEsta vez fue a las ruedas\u201d, dijo Romos. \u201cLa pr\u00f3xima les quiebro las piernas\u201d.<\/p>\n","protected":false},"excerpt":{"rendered":"<p>Asegura estar cansado de la situaci\u00f3n que atraviesa con las motos y los ruidos. Juan Romos, vecino de la calle Juan Sosa 146 del Barrio Amespil, vive hace 25 a\u00f1os en el lugar. Cansado de la situaci\u00f3n que atraviesa con las motos y los ruidos, sumado a un tratamiento psicol\u00f3gico y psiqui\u00e1trico generado por esto, [&hellip;]<\/p>\n","protected":false},"author":4,"featured_media":17571,"comment_status":"open","ping_status":"closed","sticky":false,"template":"","format":"standard","meta":{"om_disable_all_campaigns":false,"_jetpack_memberships_contains_paid_content":false,"footnotes":""},"categories":[621],"tags":[],"class_list":["post-17569","post","type-post","status-publish","format-standard","has-post-thumbnail","hentry","category-regionales"],"aioseo_notices":[],"gutentor_comment":0,"jetpack_featured_media_url":"https:\/\/eldiariodesanpedro.com.ar\/sitio\/wp-content\/uploads\/2017\/04\/caravana-motos.jpg","jetpack_shortlink":"https:\/\/wp.me\/p6RhLt-4zn","jetpack_sharing_enabled":true,"_links":{"self":[{"href":"https:\/\/eldiariodesanpedro.com.ar\/sitio\/wp-json\/wp\/v2\/posts\/17569","targetHints":{"allow":["GET"]}}],"collection":[{"href":"https:\/\/eldiariodesanpedro.com.ar\/sitio\/wp-json\/wp\/v2\/posts"}],"about":[{"href":"https:\/\/eldiariodesanpedro.com.ar\/sitio\/wp-json\/wp\/v2\/types\/post"}],"author":[{"embeddable":true,"href":"https:\/\/eldiariodesanpedro.com.ar\/sitio\/wp-json\/wp\/v2\/users\/4"}],"replies":[{"embeddable":true,"href":"https:\/\/eldiariodesanpedro.com.ar\/sitio\/wp-json\/wp\/v2\/comments?post=17569"}],"version-history":[{"count":1,"href":"https:\/\/eldiariodesanpedro.com.ar\/sitio\/wp-json\/wp\/v2\/posts\/17569\/revisions"}],"predecessor-version":[{"id":17572,"href":"https:\/\/eldiariodesanpedro.com.ar\/sitio\/wp-json\/wp\/v2\/posts\/17569\/revisions\/17572"}],"wp:featuredmedia":[{"embeddable":true,"href":"https:\/\/eldiariodesanpedro.com.ar\/sitio\/wp-json\/wp\/v2\/media\/17571"}],"wp:attachment":[{"href":"https:\/\/eldiariodesanpedro.com.ar\/sitio\/wp-json\/wp\/v2\/media?parent=17569"}],"wp:term":[{"taxonomy":"category","embeddable":true,"href":"https:\/\/eldiariodesanpedro.com.ar\/sitio\/wp-json\/wp\/v2\/categories?post=17569"},{"taxonomy":"post_tag","embeddable":true,"href":"https:\/\/eldiariodesanpedro.com.ar\/sitio\/wp-json\/wp\/v2\/tags?post=17569"}],"curies":[{"name":"wp","href":"https:\/\/api.w.org\/{rel}","templated":true}]}}