{"id":17566,"date":"2017-04-19T19:16:49","date_gmt":"2017-04-19T22:16:49","guid":{"rendered":"https:\/\/eldiariodesanpedro.com.ar\/sitio\/?p=17566"},"modified":"2017-04-19T19:16:49","modified_gmt":"2017-04-19T22:16:49","slug":"investigan-en-pergamino-supuestos-intentos-de-secuestro","status":"publish","type":"post","link":"https:\/\/eldiariodesanpedro.com.ar\/sitio\/investigan-en-pergamino-supuestos-intentos-de-secuestro\/","title":{"rendered":"Investigan en Pergamino supuestos intentos de secuestro"},"content":{"rendered":"<p><!-- VideographyWP Plugin Message: Automatic video embedding prevented by plugin options. --><br \/>\nEn los \u00faltimos d\u00edas se han viralizado por diferentes redes sociales, alertas sobre supuestos secuestros, en distintos puntos de la ciudad, siempre un supuesto Volkswagen Bora de color negro segu\u00eda personas.<\/p>\n<p>Tanto en las fiscal\u00edas de turno de la ciudad, como en las diferentes dependencias policiales, no contaban con registros de denuncias de este tipo, hasta que aparecieron dos.<\/p>\n<p>La primera el viernes santo, donde una adolescente de 15 a\u00f1os denunci\u00f3 en sede de la Comisar\u00eda Segunda que desde un auto en la avenida Juan B Justo una mujer le dijo \u201cVeni\u201d pero no supo especificar el veh\u00edculo, solo que era negro o muy oscuro,  tras revisar registros de c\u00e1maras no dieron con el mismo. La joven estaba asustada y solo oy\u00f3 lo descripto, no hubo forcejeo ni nada parecido, seg\u00fan explic\u00f3 la Fiscal Alejandra Ghiotti, de turno esa semana.<\/p>\n<p>En el mediod\u00eda de hoy una joven de 20 a\u00f1os que circulaba en bicicleta por Pinto en la intersecci\u00f3n con Luzuriaga, asegura que una camioneta tipo Traffic blanca la encerr\u00f3 y que un hombre se baj\u00f3 y algo le dijo, pero la joven iba con auriculares, lo esquiv\u00f3 y sigui\u00f3 su camino a bordo de su rodado. El padre de esta Joven fue quien se identific\u00f3 y envi\u00f3 un desesperado audio de Whatsapp, advirtiendo a la poblaci\u00f3n y se cre\u00f3 una gran cadena de advertencias. (http:\/\/portalpergamino.com.ar)<\/p>\n","protected":false},"excerpt":{"rendered":"<p>En los \u00faltimos d\u00edas se han viralizado por diferentes redes sociales, alertas sobre supuestos secuestros, en distintos puntos de la ciudad, siempre un supuesto Volkswagen Bora de color negro segu\u00eda personas. Tanto en las fiscal\u00edas de turno de la ciudad, como en las diferentes dependencias policiales, no contaban con registros de denuncias de este tipo, [&hellip;]<\/p>\n","protected":false},"author":4,"featured_media":17567,"comment_status":"open","ping_status":"closed","sticky":false,"template":"","format":"standard","meta":{"om_disable_all_campaigns":false,"_jetpack_memberships_contains_paid_content":false,"footnotes":""},"categories":[621],"tags":[],"class_list":["post-17566","post","type-post","status-publish","format-standard","has-post-thumbnail","hentry","category-regionales"],"aioseo_notices":[],"gutentor_comment":0,"jetpack_featured_media_url":"https:\/\/eldiariodesanpedro.com.ar\/sitio\/wp-content\/uploads\/2017\/04\/VW-bora-negro.jpg","jetpack_shortlink":"https:\/\/wp.me\/p6RhLt-4zk","jetpack_sharing_enabled":true,"_links":{"self":[{"href":"https:\/\/eldiariodesanpedro.com.ar\/sitio\/wp-json\/wp\/v2\/posts\/17566","targetHints":{"allow":["GET"]}}],"collection":[{"href":"https:\/\/eldiariodesanpedro.com.ar\/sitio\/wp-json\/wp\/v2\/posts"}],"about":[{"href":"https:\/\/eldiariodesanpedro.com.ar\/sitio\/wp-json\/wp\/v2\/types\/post"}],"author":[{"embeddable":true,"href":"https:\/\/eldiariodesanpedro.com.ar\/sitio\/wp-json\/wp\/v2\/users\/4"}],"replies":[{"embeddable":true,"href":"https:\/\/eldiariodesanpedro.com.ar\/sitio\/wp-json\/wp\/v2\/comments?post=17566"}],"version-history":[{"count":1,"href":"https:\/\/eldiariodesanpedro.com.ar\/sitio\/wp-json\/wp\/v2\/posts\/17566\/revisions"}],"predecessor-version":[{"id":17568,"href":"https:\/\/eldiariodesanpedro.com.ar\/sitio\/wp-json\/wp\/v2\/posts\/17566\/revisions\/17568"}],"wp:featuredmedia":[{"embeddable":true,"href":"https:\/\/eldiariodesanpedro.com.ar\/sitio\/wp-json\/wp\/v2\/media\/17567"}],"wp:attachment":[{"href":"https:\/\/eldiariodesanpedro.com.ar\/sitio\/wp-json\/wp\/v2\/media?parent=17566"}],"wp:term":[{"taxonomy":"category","embeddable":true,"href":"https:\/\/eldiariodesanpedro.com.ar\/sitio\/wp-json\/wp\/v2\/categories?post=17566"},{"taxonomy":"post_tag","embeddable":true,"href":"https:\/\/eldiariodesanpedro.com.ar\/sitio\/wp-json\/wp\/v2\/tags?post=17566"}],"curies":[{"name":"wp","href":"https:\/\/api.w.org\/{rel}","templated":true}]}}