{"id":17563,"date":"2017-04-19T19:10:48","date_gmt":"2017-04-19T22:10:48","guid":{"rendered":"https:\/\/eldiariodesanpedro.com.ar\/sitio\/?p=17563"},"modified":"2017-04-19T19:10:48","modified_gmt":"2017-04-19T22:10:48","slug":"san-nicolas-ismael-passaglia-vuelve-a-sonar-para-un-cargo-en-el-gabinete","status":"publish","type":"post","link":"https:\/\/eldiariodesanpedro.com.ar\/sitio\/san-nicolas-ismael-passaglia-vuelve-a-sonar-para-un-cargo-en-el-gabinete\/","title":{"rendered":"SAN NICOL\u00c1S: Ismael Passaglia vuelve a sonar para un cargo en el Gabinete"},"content":{"rendered":"<p><!-- VideographyWP Plugin Message: Automatic video embedding prevented by plugin options. --><br \/>\nCon idas y vueltas en su coqueteo con el oficialismo, el intendente de San Nicol\u00e1s habr\u00eda sido tentado para ocupar un cargo en la Provincia, algo que persigue desde hace tiempo pero no ha logrado.<\/p>\n<p>Siempre dispuesto a ir en auxilio de los ganadores, el intendente de San Nicol\u00e1s, Ismael Passaglia, fue uno de los primeros en coquetear con Cambiemos luego de las elecciones de 2015, en las que retuvo la intendencia con el sello del FpV.<\/p>\n<p>Desde hace tiempo, en Cambiemos lo cuentan como propio. Sin embargo, hace un par de semanas, en un evento social, Passaglia se cruz\u00f3 con Florencio Randazzo y le prometi\u00f3 que jugar\u00eda para \u00e9l si el chivilcoyano se presenta en las elecciones de este a\u00f1o. En esa misma cena Randazzo intercedi\u00f3 para enfriar la siempre tensa interna que el intendente tiene con el sector de Eduardo Di Rocco y Andr\u00e9s Quinteros.<\/p>\n<p>La noticia fue un baldazo para el Ejecutivo bonaerense que lo cuenta como uno de sus aliados. Quiz\u00e1 por eso algunos funcionarios de la Provincia, no todos, pensaron en ofrecerle un cargo en el Gabinete; una meta que Passaglia persigue desde los tiempos de Scioli y no ha logrado. En alg\u00fan momento estuvo cerca del regresar al ministerio de Salud (cargo que ocup\u00f3 durante la gesti\u00f3n Sol\u00e1) pero ni esa cartera ni otra para la que tambi\u00e9n se lo mencion\u00f3, terminaron por abrirle la puerta.<\/p>\n<p>Ahora su nombre vuelve al ruedo, y suena fuerte en los pasillos del Instituto de la Vivienda, morada del PRO Evert Van Tooren. Aunque algunos funcionarios del gobierno de Vidal niegan que est\u00e1 por desembarcar en el Gabinete, otros aseguran que Passaglis quedar\u00eda a cargo del Instituto y Van Tooeren pasar\u00eda a la Secretar\u00eda de Tierras, lugar que deja vacante el intendente de Castelli, Francisco Echarren. <\/p>\n<p>(La Tecla)<\/p>\n","protected":false},"excerpt":{"rendered":"<p>Con idas y vueltas en su coqueteo con el oficialismo, el intendente de San Nicol\u00e1s habr\u00eda sido tentado para ocupar un cargo en la Provincia, algo que persigue desde hace tiempo pero no ha logrado. Siempre dispuesto a ir en auxilio de los ganadores, el intendente de San Nicol\u00e1s, Ismael Passaglia, fue uno de los [&hellip;]<\/p>\n","protected":false},"author":4,"featured_media":17564,"comment_status":"open","ping_status":"closed","sticky":false,"template":"","format":"standard","meta":{"om_disable_all_campaigns":false,"_jetpack_memberships_contains_paid_content":false,"footnotes":""},"categories":[621],"tags":[],"class_list":["post-17563","post","type-post","status-publish","format-standard","has-post-thumbnail","hentry","category-regionales"],"aioseo_notices":[],"gutentor_comment":0,"jetpack_featured_media_url":"https:\/\/eldiariodesanpedro.com.ar\/sitio\/wp-content\/uploads\/2017\/04\/Passaglia-junto-a-la-Gobernadora.jpg","jetpack_shortlink":"https:\/\/wp.me\/p6RhLt-4zh","jetpack_sharing_enabled":true,"_links":{"self":[{"href":"https:\/\/eldiariodesanpedro.com.ar\/sitio\/wp-json\/wp\/v2\/posts\/17563","targetHints":{"allow":["GET"]}}],"collection":[{"href":"https:\/\/eldiariodesanpedro.com.ar\/sitio\/wp-json\/wp\/v2\/posts"}],"about":[{"href":"https:\/\/eldiariodesanpedro.com.ar\/sitio\/wp-json\/wp\/v2\/types\/post"}],"author":[{"embeddable":true,"href":"https:\/\/eldiariodesanpedro.com.ar\/sitio\/wp-json\/wp\/v2\/users\/4"}],"replies":[{"embeddable":true,"href":"https:\/\/eldiariodesanpedro.com.ar\/sitio\/wp-json\/wp\/v2\/comments?post=17563"}],"version-history":[{"count":1,"href":"https:\/\/eldiariodesanpedro.com.ar\/sitio\/wp-json\/wp\/v2\/posts\/17563\/revisions"}],"predecessor-version":[{"id":17565,"href":"https:\/\/eldiariodesanpedro.com.ar\/sitio\/wp-json\/wp\/v2\/posts\/17563\/revisions\/17565"}],"wp:featuredmedia":[{"embeddable":true,"href":"https:\/\/eldiariodesanpedro.com.ar\/sitio\/wp-json\/wp\/v2\/media\/17564"}],"wp:attachment":[{"href":"https:\/\/eldiariodesanpedro.com.ar\/sitio\/wp-json\/wp\/v2\/media?parent=17563"}],"wp:term":[{"taxonomy":"category","embeddable":true,"href":"https:\/\/eldiariodesanpedro.com.ar\/sitio\/wp-json\/wp\/v2\/categories?post=17563"},{"taxonomy":"post_tag","embeddable":true,"href":"https:\/\/eldiariodesanpedro.com.ar\/sitio\/wp-json\/wp\/v2\/tags?post=17563"}],"curies":[{"name":"wp","href":"https:\/\/api.w.org\/{rel}","templated":true}]}}