{"id":17559,"date":"2017-04-19T19:06:56","date_gmt":"2017-04-19T22:06:56","guid":{"rendered":"https:\/\/eldiariodesanpedro.com.ar\/sitio\/?p=17559"},"modified":"2017-04-19T19:06:56","modified_gmt":"2017-04-19T22:06:56","slug":"comenzaron-los-primeros-pasado-para-la-construccion-del-jardin-del-barrio-banfield","status":"publish","type":"post","link":"https:\/\/eldiariodesanpedro.com.ar\/sitio\/comenzaron-los-primeros-pasado-para-la-construccion-del-jardin-del-barrio-banfield\/","title":{"rendered":"Comenzaron los primeros pasado para la construcci\u00f3n del Jard\u00edn del barrio Banfield"},"content":{"rendered":"<p><!-- VideographyWP Plugin Message: Automatic video embedding prevented by plugin options. --><br \/>\nEn la ma\u00f1ana de hoy la empresa que tiene a cargo la obra comenz\u00f3 a realizar diversos trabajos necesario para luego dar comienzo a la construcci\u00f3n del edificio.<\/p>\n<p>En principio arribaron camiones con tierra y tosca, y una motoniveladora realiz\u00f3 los trabajos de alisado del predio, adem\u00e1s se mont\u00f3 el obrador.<\/p>\n<p>Asimismo se levant\u00f3 el alambrado perimetral y para complementar la seguridad del lugar, se instal\u00f3 una casilla que ser\u00e1 utilizada por personal que tendr\u00e1 a cargo la vigilancia del lugar.<\/p>\n<p>Cabe recordar que el establecimiento tendr\u00e1 seis salas, una de ellas de m\u00fasica, tambi\u00e9n una biblioteca e incluye la calefacci\u00f3n y el mobiliario.<\/p>\n<p>Albergar\u00e1 a unos 330 estudiantes y con ello se colmar\u00e1 la demanda de hace m\u00e1s de 10 que no daban a basto la vacantes para que los chicos de nivel inicial est\u00e9n escolarizados.<\/p>\n","protected":false},"excerpt":{"rendered":"<p>En la ma\u00f1ana de hoy la empresa que tiene a cargo la obra comenz\u00f3 a realizar diversos trabajos necesario para luego dar comienzo a la construcci\u00f3n del edificio. En principio arribaron camiones con tierra y tosca, y una motoniveladora realiz\u00f3 los trabajos de alisado del predio, adem\u00e1s se mont\u00f3 el obrador. Asimismo se levant\u00f3 el [&hellip;]<\/p>\n","protected":false},"author":4,"featured_media":17560,"comment_status":"open","ping_status":"closed","sticky":false,"template":"","format":"standard","meta":{"om_disable_all_campaigns":false,"_jetpack_memberships_contains_paid_content":false,"footnotes":""},"categories":[101,2],"tags":[],"class_list":["post-17559","post","type-post","status-publish","format-standard","has-post-thumbnail","hentry","category-interes-general-locales","category-locales"],"aioseo_notices":[],"gutentor_comment":0,"jetpack_featured_media_url":"https:\/\/eldiariodesanpedro.com.ar\/sitio\/wp-content\/uploads\/2017\/04\/banfield.jpg","jetpack_shortlink":"https:\/\/wp.me\/p6RhLt-4zd","jetpack_sharing_enabled":true,"_links":{"self":[{"href":"https:\/\/eldiariodesanpedro.com.ar\/sitio\/wp-json\/wp\/v2\/posts\/17559","targetHints":{"allow":["GET"]}}],"collection":[{"href":"https:\/\/eldiariodesanpedro.com.ar\/sitio\/wp-json\/wp\/v2\/posts"}],"about":[{"href":"https:\/\/eldiariodesanpedro.com.ar\/sitio\/wp-json\/wp\/v2\/types\/post"}],"author":[{"embeddable":true,"href":"https:\/\/eldiariodesanpedro.com.ar\/sitio\/wp-json\/wp\/v2\/users\/4"}],"replies":[{"embeddable":true,"href":"https:\/\/eldiariodesanpedro.com.ar\/sitio\/wp-json\/wp\/v2\/comments?post=17559"}],"version-history":[{"count":1,"href":"https:\/\/eldiariodesanpedro.com.ar\/sitio\/wp-json\/wp\/v2\/posts\/17559\/revisions"}],"predecessor-version":[{"id":17561,"href":"https:\/\/eldiariodesanpedro.com.ar\/sitio\/wp-json\/wp\/v2\/posts\/17559\/revisions\/17561"}],"wp:featuredmedia":[{"embeddable":true,"href":"https:\/\/eldiariodesanpedro.com.ar\/sitio\/wp-json\/wp\/v2\/media\/17560"}],"wp:attachment":[{"href":"https:\/\/eldiariodesanpedro.com.ar\/sitio\/wp-json\/wp\/v2\/media?parent=17559"}],"wp:term":[{"taxonomy":"category","embeddable":true,"href":"https:\/\/eldiariodesanpedro.com.ar\/sitio\/wp-json\/wp\/v2\/categories?post=17559"},{"taxonomy":"post_tag","embeddable":true,"href":"https:\/\/eldiariodesanpedro.com.ar\/sitio\/wp-json\/wp\/v2\/tags?post=17559"}],"curies":[{"name":"wp","href":"https:\/\/api.w.org\/{rel}","templated":true}]}}