{"id":17556,"date":"2017-04-19T18:59:38","date_gmt":"2017-04-19T21:59:38","guid":{"rendered":"https:\/\/eldiariodesanpedro.com.ar\/sitio\/?p=17556"},"modified":"2017-04-19T18:59:38","modified_gmt":"2017-04-19T21:59:38","slug":"instalan-una-nueva-fiesta-en-el-calendario-anual-la-de-la-naranja-de-ombligo","status":"publish","type":"post","link":"https:\/\/eldiariodesanpedro.com.ar\/sitio\/instalan-una-nueva-fiesta-en-el-calendario-anual-la-de-la-naranja-de-ombligo\/","title":{"rendered":"Instalan una nueva fiesta en el calendario anual: La de la Naranja de Ombligo"},"content":{"rendered":"<p><!-- VideographyWP Plugin Message: Automatic video embedding prevented by plugin options. --><br \/>\nSe va a desarrollar en el mes de Julio y la idea es que se desarrolle anualmente. \u201cAspiramos a un San Pedro todo el a\u00f1o, aspiramos con Mar\u00eda Jos\u00e9 Mora la Directora de Cultura para realizar eventos todos los fines de semana largo para tener una actividad extra con el turista que viene y estamos trabajando en realizar eventos los fines de semana comunes\u201d, dijo Marcela Cu\u00f1er, Directora de Turismo Municipal.<\/p>\n<p>Para ello, destac\u00f3 algunos de lo eventos programados para los meses que vienen como el Festival Country, el de Parapente, el encuentro de autos tuning y agreg\u00f3: \u201cAhora con la C\u00e1mara de Turismo estamos trabajando en la Fiesta de la Naranja de Ombligo, se va a hacer el 22 y 23 de julio\u201d. \u201cLa idea es hacerlo en la calle Pellegrini frente al Palacio Municipal, queremos que la gente participe de la fiesta\u201d.<\/p>\n<p>\u201cQueremos ir sumando eventos o atractivos que hagan que la gente venga todo el a\u00f1o, no solamente los fines de semana largo\u201d, dijo seguidamente.<\/p>\n<p><strong>Relevamiento<\/strong><\/p>\n<p>Tras el relevamiento que viene realizando personal del \u00e1rea con los turistas, la funcionaria sostuvo que este a\u00f1o, \u201ceval\u00faan alojarse un fin de semana y el resto salen de paseo un d\u00eda o dos\u201d.<\/p>\n<p>En tanto que dijo que algunos visitantes \u201cse quejan de los alojamientos y de algunos lugares gastron\u00f3micos, que la tarifa no corresponde con el servicio que les brindan\u201d y \u201cno est\u00e1 bueno que se transmita este mensaje afuera\u201d. \u201cHay que hacer un debate bastante amplio\u201d, se\u00f1al\u00f3.<\/p>\n","protected":false},"excerpt":{"rendered":"<p>Se va a desarrollar en el mes de Julio y la idea es que se desarrolle anualmente. \u201cAspiramos a un San Pedro todo el a\u00f1o, aspiramos con Mar\u00eda Jos\u00e9 Mora la Directora de Cultura para realizar eventos todos los fines de semana largo para tener una actividad extra con el turista que viene y estamos [&hellip;]<\/p>\n","protected":false},"author":4,"featured_media":17557,"comment_status":"open","ping_status":"closed","sticky":false,"template":"","format":"standard","meta":{"om_disable_all_campaigns":false,"_jetpack_memberships_contains_paid_content":false,"footnotes":""},"categories":[101,2],"tags":[],"class_list":["post-17556","post","type-post","status-publish","format-standard","has-post-thumbnail","hentry","category-interes-general-locales","category-locales"],"aioseo_notices":[],"gutentor_comment":0,"jetpack_featured_media_url":"https:\/\/eldiariodesanpedro.com.ar\/sitio\/wp-content\/uploads\/2017\/04\/Marcela-cu\u00f1er.jpg","jetpack_shortlink":"https:\/\/wp.me\/p6RhLt-4za","jetpack_sharing_enabled":true,"_links":{"self":[{"href":"https:\/\/eldiariodesanpedro.com.ar\/sitio\/wp-json\/wp\/v2\/posts\/17556","targetHints":{"allow":["GET"]}}],"collection":[{"href":"https:\/\/eldiariodesanpedro.com.ar\/sitio\/wp-json\/wp\/v2\/posts"}],"about":[{"href":"https:\/\/eldiariodesanpedro.com.ar\/sitio\/wp-json\/wp\/v2\/types\/post"}],"author":[{"embeddable":true,"href":"https:\/\/eldiariodesanpedro.com.ar\/sitio\/wp-json\/wp\/v2\/users\/4"}],"replies":[{"embeddable":true,"href":"https:\/\/eldiariodesanpedro.com.ar\/sitio\/wp-json\/wp\/v2\/comments?post=17556"}],"version-history":[{"count":1,"href":"https:\/\/eldiariodesanpedro.com.ar\/sitio\/wp-json\/wp\/v2\/posts\/17556\/revisions"}],"predecessor-version":[{"id":17558,"href":"https:\/\/eldiariodesanpedro.com.ar\/sitio\/wp-json\/wp\/v2\/posts\/17556\/revisions\/17558"}],"wp:featuredmedia":[{"embeddable":true,"href":"https:\/\/eldiariodesanpedro.com.ar\/sitio\/wp-json\/wp\/v2\/media\/17557"}],"wp:attachment":[{"href":"https:\/\/eldiariodesanpedro.com.ar\/sitio\/wp-json\/wp\/v2\/media?parent=17556"}],"wp:term":[{"taxonomy":"category","embeddable":true,"href":"https:\/\/eldiariodesanpedro.com.ar\/sitio\/wp-json\/wp\/v2\/categories?post=17556"},{"taxonomy":"post_tag","embeddable":true,"href":"https:\/\/eldiariodesanpedro.com.ar\/sitio\/wp-json\/wp\/v2\/tags?post=17556"}],"curies":[{"name":"wp","href":"https:\/\/api.w.org\/{rel}","templated":true}]}}