{"id":17553,"date":"2017-04-19T18:50:07","date_gmt":"2017-04-19T21:50:07","guid":{"rendered":"https:\/\/eldiariodesanpedro.com.ar\/sitio\/?p=17553"},"modified":"2017-04-19T19:22:41","modified_gmt":"2017-04-19T22:22:41","slug":"en-nuestra-ciudad-scioli-critico-a-cambiemos-yo-fui-quien-advirtio-a-los-argentinos-lo-que-iba-a-ocurrir","status":"publish","type":"post","link":"https:\/\/eldiariodesanpedro.com.ar\/sitio\/en-nuestra-ciudad-scioli-critico-a-cambiemos-yo-fui-quien-advirtio-a-los-argentinos-lo-que-iba-a-ocurrir\/","title":{"rendered":"En nuestra ciudad, Scioli critic\u00f3 a \u00abCambiemos\u00bb: \u201cYo fui quien advirti\u00f3 a los argentinos lo que iba a ocurrir\u201d"},"content":{"rendered":"<p><!-- VideographyWP Plugin Message: Automatic video embedding prevented by plugin options. --><br \/>\nPasado el mediod\u00eda de ayer arrib\u00f3 a la ciudad el ex gobernador Daniel Scioli en el marco de un recorrida por diferentes ciudades de la zona norte de la provincia y por la tarde lo har\u00e1 por localidades del conurbano bonaerense.<\/p>\n<p>Lleg\u00f3 a San Pedro acompa\u00f1ando del arrecife\u00f1o Marcos Di Palma y fue recibido por el propietario de la panificadora 505, Gustavo Confortola. Tambi\u00e9n se encontraba en el lugar el ex intendente Pablo Guacone.<\/p>\n<p>Dijo que el 505 \u201cforma parte de los distintos emprendimientos qu\u00e9 es un momento fueron desarrollados en la provincia de Buenos Aires para incentivar el esp\u00edritu emprendedor a trav\u00e9s de los cr\u00e9ditos del Banco Provincia\u201d y agreg\u00f3: \u201cS\u00e9 que hay una preocupaci\u00f3n del comercio de San Pedro\u201d, refiri\u00e9ndose a la situaci\u00f3n econ\u00f3mica. <\/p>\n<p>\u201cUno de los grandes desaf\u00edos es reactivar el mercado interno que est\u00e1 bastante deprimido por cierto\u201d, sostuvo.<\/p>\n<p>Ante la consulta si va a ser candidato en las elecciones de este a\u00f1o, sostuvo: \u201cLo que es importante que la gente se sienta escuchada, hay que comprenderla, ponerle el hombro, defenderla de este ajuste y ayudarla a salir salir adelante\u201d y \u201coportunamente se ver\u00e1 desde qu\u00e9 lugar puedo ayudar m\u00e1s\u201d.<\/p>\n<p>\u201cYo fui quien advirti\u00f3 a los argentinos lo que iba a ocurrir\u201d, sostuvo y agreg\u00f3: \u201cM\u00e1s all\u00e1 de la din\u00e1mica interna del PJ, mis confrontaciones son con el gobierno nacional\u201d.<\/p>\n<p>Al tiempo que asever\u00f3: \u201cEl cambio que necesitaba el pa\u00eds era otro. Este cambio es un retroceso y que se vea reflejado la actividad econ\u00f3mica\u201d.<\/p>\n<p>A su vez aclar\u00f3 que no se organiz\u00f3 ninguna reuni\u00f3n partidaria porque se trat\u00f3 de una \u201cvisita espont\u00e1nea\u201d. \u201cEn la medida que vayamos avanzando en el proceso electoral primero quiero tener un diagn\u00f3stico claro y evaluar desde donde puedo ayudar\u201d, finaliz\u00f3. <\/p>\n","protected":false},"excerpt":{"rendered":"<p>Pasado el mediod\u00eda de ayer arrib\u00f3 a la ciudad el ex gobernador Daniel Scioli en el marco de un recorrida por diferentes ciudades de la zona norte de la provincia y por la tarde lo har\u00e1 por localidades del conurbano bonaerense. Lleg\u00f3 a San Pedro acompa\u00f1ando del arrecife\u00f1o Marcos Di Palma y fue recibido por [&hellip;]<\/p>\n","protected":false},"author":4,"featured_media":17541,"comment_status":"open","ping_status":"closed","sticky":false,"template":"","format":"standard","meta":{"om_disable_all_campaigns":false,"_jetpack_memberships_contains_paid_content":false,"footnotes":""},"categories":[2,102],"tags":[],"class_list":["post-17553","post","type-post","status-publish","format-standard","has-post-thumbnail","hentry","category-locales","category-politica-locales"],"aioseo_notices":[],"gutentor_comment":0,"jetpack_featured_media_url":"https:\/\/eldiariodesanpedro.com.ar\/sitio\/wp-content\/uploads\/2017\/04\/DSC_0039.jpg","jetpack_shortlink":"https:\/\/wp.me\/p6RhLt-4z7","jetpack_sharing_enabled":true,"_links":{"self":[{"href":"https:\/\/eldiariodesanpedro.com.ar\/sitio\/wp-json\/wp\/v2\/posts\/17553","targetHints":{"allow":["GET"]}}],"collection":[{"href":"https:\/\/eldiariodesanpedro.com.ar\/sitio\/wp-json\/wp\/v2\/posts"}],"about":[{"href":"https:\/\/eldiariodesanpedro.com.ar\/sitio\/wp-json\/wp\/v2\/types\/post"}],"author":[{"embeddable":true,"href":"https:\/\/eldiariodesanpedro.com.ar\/sitio\/wp-json\/wp\/v2\/users\/4"}],"replies":[{"embeddable":true,"href":"https:\/\/eldiariodesanpedro.com.ar\/sitio\/wp-json\/wp\/v2\/comments?post=17553"}],"version-history":[{"count":1,"href":"https:\/\/eldiariodesanpedro.com.ar\/sitio\/wp-json\/wp\/v2\/posts\/17553\/revisions"}],"predecessor-version":[{"id":17555,"href":"https:\/\/eldiariodesanpedro.com.ar\/sitio\/wp-json\/wp\/v2\/posts\/17553\/revisions\/17555"}],"wp:featuredmedia":[{"embeddable":true,"href":"https:\/\/eldiariodesanpedro.com.ar\/sitio\/wp-json\/wp\/v2\/media\/17541"}],"wp:attachment":[{"href":"https:\/\/eldiariodesanpedro.com.ar\/sitio\/wp-json\/wp\/v2\/media?parent=17553"}],"wp:term":[{"taxonomy":"category","embeddable":true,"href":"https:\/\/eldiariodesanpedro.com.ar\/sitio\/wp-json\/wp\/v2\/categories?post=17553"},{"taxonomy":"post_tag","embeddable":true,"href":"https:\/\/eldiariodesanpedro.com.ar\/sitio\/wp-json\/wp\/v2\/tags?post=17553"}],"curies":[{"name":"wp","href":"https:\/\/api.w.org\/{rel}","templated":true}]}}