{"id":17551,"date":"2017-04-19T18:44:33","date_gmt":"2017-04-19T21:44:33","guid":{"rendered":"https:\/\/eldiariodesanpedro.com.ar\/sitio\/?p=17551"},"modified":"2017-04-19T18:44:33","modified_gmt":"2017-04-19T21:44:33","slug":"la-mujer-que-era-buscada-desde-la-semana-dijo-que-esta-viviendo-en-otra-ciudad","status":"publish","type":"post","link":"https:\/\/eldiariodesanpedro.com.ar\/sitio\/la-mujer-que-era-buscada-desde-la-semana-dijo-que-esta-viviendo-en-otra-ciudad\/","title":{"rendered":"La mujer que era buscada desde la semana dijo que est\u00e1 viviendo en otra ciudad"},"content":{"rendered":"<p><!-- VideographyWP Plugin Message: Automatic video embedding prevented by plugin options. --><br \/>\nDurante el fin de semana, se conoc\u00eda la noticia que su familia hab\u00eda radicado la denuncia en la comisar\u00eda preocupados tras su falta de m\u00e1s de una semana de su hogar.<\/p>\n<p>Personal policial comenz\u00f3 a realizar tareas para dar con su paradero. El d\u00eda lunes lograron mantener una comunicaci\u00f3n telef\u00f3nica con Patricia Antivero, la que comunic\u00f3 que est\u00e1 viviendo en otra localidad.<\/p>\n<p>Luego, en horas de la noche y en presencia del Instructor Judicial se le recepcion\u00f3 la declaraci\u00f3n testimonial, donde expres\u00f3 \u201clos motivos de su alejamiento y solicit\u00f3 que no se haga conocer el lugar donde se encuentra viviendo\u201d, seg\u00fan se expresa desde el parte de prensa de la polic\u00eda.<\/p>\n","protected":false},"excerpt":{"rendered":"<p>Durante el fin de semana, se conoc\u00eda la noticia que su familia hab\u00eda radicado la denuncia en la comisar\u00eda preocupados tras su falta de m\u00e1s de una semana de su hogar. Personal policial comenz\u00f3 a realizar tareas para dar con su paradero. El d\u00eda lunes lograron mantener una comunicaci\u00f3n telef\u00f3nica con Patricia Antivero, la que [&hellip;]<\/p>\n","protected":false},"author":4,"featured_media":16982,"comment_status":"open","ping_status":"closed","sticky":false,"template":"","format":"standard","meta":{"om_disable_all_campaigns":false,"_jetpack_memberships_contains_paid_content":false,"footnotes":""},"categories":[2,103],"tags":[],"class_list":["post-17551","post","type-post","status-publish","format-standard","has-post-thumbnail","hentry","category-locales","category-policiales-locales"],"aioseo_notices":[],"gutentor_comment":0,"jetpack_featured_media_url":"https:\/\/eldiariodesanpedro.com.ar\/sitio\/wp-content\/uploads\/2017\/04\/DSC_0215-e1492514874414.jpg","jetpack_shortlink":"https:\/\/wp.me\/p6RhLt-4z5","jetpack_sharing_enabled":true,"_links":{"self":[{"href":"https:\/\/eldiariodesanpedro.com.ar\/sitio\/wp-json\/wp\/v2\/posts\/17551","targetHints":{"allow":["GET"]}}],"collection":[{"href":"https:\/\/eldiariodesanpedro.com.ar\/sitio\/wp-json\/wp\/v2\/posts"}],"about":[{"href":"https:\/\/eldiariodesanpedro.com.ar\/sitio\/wp-json\/wp\/v2\/types\/post"}],"author":[{"embeddable":true,"href":"https:\/\/eldiariodesanpedro.com.ar\/sitio\/wp-json\/wp\/v2\/users\/4"}],"replies":[{"embeddable":true,"href":"https:\/\/eldiariodesanpedro.com.ar\/sitio\/wp-json\/wp\/v2\/comments?post=17551"}],"version-history":[{"count":1,"href":"https:\/\/eldiariodesanpedro.com.ar\/sitio\/wp-json\/wp\/v2\/posts\/17551\/revisions"}],"predecessor-version":[{"id":17552,"href":"https:\/\/eldiariodesanpedro.com.ar\/sitio\/wp-json\/wp\/v2\/posts\/17551\/revisions\/17552"}],"wp:featuredmedia":[{"embeddable":true,"href":"https:\/\/eldiariodesanpedro.com.ar\/sitio\/wp-json\/wp\/v2\/media\/16982"}],"wp:attachment":[{"href":"https:\/\/eldiariodesanpedro.com.ar\/sitio\/wp-json\/wp\/v2\/media?parent=17551"}],"wp:term":[{"taxonomy":"category","embeddable":true,"href":"https:\/\/eldiariodesanpedro.com.ar\/sitio\/wp-json\/wp\/v2\/categories?post=17551"},{"taxonomy":"post_tag","embeddable":true,"href":"https:\/\/eldiariodesanpedro.com.ar\/sitio\/wp-json\/wp\/v2\/tags?post=17551"}],"curies":[{"name":"wp","href":"https:\/\/api.w.org\/{rel}","templated":true}]}}