{"id":17549,"date":"2017-04-19T18:38:56","date_gmt":"2017-04-19T21:38:56","guid":{"rendered":"https:\/\/eldiariodesanpedro.com.ar\/sitio\/?p=17549"},"modified":"2017-04-19T18:38:56","modified_gmt":"2017-04-19T21:38:56","slug":"como-solicitar-el-cambio-de-boca-de-pago-para-cobro-de-haberes","status":"publish","type":"post","link":"https:\/\/eldiariodesanpedro.com.ar\/sitio\/como-solicitar-el-cambio-de-boca-de-pago-para-cobro-de-haberes\/","title":{"rendered":"C\u00f3mo solicitar el cambio de boca de pago para cobro de haberes"},"content":{"rendered":"<p><!-- VideographyWP Plugin Message: Automatic video embedding prevented by plugin options. --><br \/>\nLa ANSES recuerda que los jubilados o pensionados pueden optar por cobrar su haber en cualquiera de las entidades bancarias habilitadas, as\u00ed como en alguno de los centros de pago exclusivos. <\/p>\n<p>Asimismo, para solicitar el cambio de banco deber\u00e1 haber cobrado por primera vez en la entidad asignada por el organismo previsional, luego podr\u00e1 solicitar un turno a trav\u00e9s del n\u00famero gratuito 130, de lunes a viernes de 8 a 20 horas, o bien, desde el sitio web www.anses.gob.ar. <\/p>\n<p>La modificaci\u00f3n se har\u00e1 efectiva, aproximadamente, a los 60 d\u00edas desde la comprobaci\u00f3n de titularidad. Mientras tanto, continuar\u00e1 cobrando en su banco habitual. <\/p>\n<p><strong>Grupo de pago para ma\u00f1ana<\/strong><\/p>\n<p>Jubilados y pensionados cuyos haberes no superan los $7266 y sus documentos terminan en 8. <\/p>\n<p>Titulares de la Asignaci\u00f3n Universal por Hijo para Protecci\u00f3n Social, por Embarazo y PROGRESAR cuyos documentos terminan en 9.<\/p>\n<p>Los calendarios de pagos de todas las prestaciones pueden consultarse en www.anses.gob.ar. <\/p>\n","protected":false},"excerpt":{"rendered":"<p>La ANSES recuerda que los jubilados o pensionados pueden optar por cobrar su haber en cualquiera de las entidades bancarias habilitadas, as\u00ed como en alguno de los centros de pago exclusivos. Asimismo, para solicitar el cambio de banco deber\u00e1 haber cobrado por primera vez en la entidad asignada por el organismo previsional, luego podr\u00e1 solicitar [&hellip;]<\/p>\n","protected":false},"author":4,"featured_media":5359,"comment_status":"open","ping_status":"closed","sticky":false,"template":"","format":"standard","meta":{"om_disable_all_campaigns":false,"_jetpack_memberships_contains_paid_content":false,"footnotes":""},"categories":[101,2],"tags":[],"class_list":["post-17549","post","type-post","status-publish","format-standard","has-post-thumbnail","hentry","category-interes-general-locales","category-locales"],"aioseo_notices":[],"gutentor_comment":0,"jetpack_featured_media_url":"https:\/\/eldiariodesanpedro.com.ar\/sitio\/wp-content\/uploads\/2016\/06\/anses.jpg","jetpack_shortlink":"https:\/\/wp.me\/p6RhLt-4z3","jetpack_sharing_enabled":true,"_links":{"self":[{"href":"https:\/\/eldiariodesanpedro.com.ar\/sitio\/wp-json\/wp\/v2\/posts\/17549","targetHints":{"allow":["GET"]}}],"collection":[{"href":"https:\/\/eldiariodesanpedro.com.ar\/sitio\/wp-json\/wp\/v2\/posts"}],"about":[{"href":"https:\/\/eldiariodesanpedro.com.ar\/sitio\/wp-json\/wp\/v2\/types\/post"}],"author":[{"embeddable":true,"href":"https:\/\/eldiariodesanpedro.com.ar\/sitio\/wp-json\/wp\/v2\/users\/4"}],"replies":[{"embeddable":true,"href":"https:\/\/eldiariodesanpedro.com.ar\/sitio\/wp-json\/wp\/v2\/comments?post=17549"}],"version-history":[{"count":1,"href":"https:\/\/eldiariodesanpedro.com.ar\/sitio\/wp-json\/wp\/v2\/posts\/17549\/revisions"}],"predecessor-version":[{"id":17550,"href":"https:\/\/eldiariodesanpedro.com.ar\/sitio\/wp-json\/wp\/v2\/posts\/17549\/revisions\/17550"}],"wp:featuredmedia":[{"embeddable":true,"href":"https:\/\/eldiariodesanpedro.com.ar\/sitio\/wp-json\/wp\/v2\/media\/5359"}],"wp:attachment":[{"href":"https:\/\/eldiariodesanpedro.com.ar\/sitio\/wp-json\/wp\/v2\/media?parent=17549"}],"wp:term":[{"taxonomy":"category","embeddable":true,"href":"https:\/\/eldiariodesanpedro.com.ar\/sitio\/wp-json\/wp\/v2\/categories?post=17549"},{"taxonomy":"post_tag","embeddable":true,"href":"https:\/\/eldiariodesanpedro.com.ar\/sitio\/wp-json\/wp\/v2\/tags?post=17549"}],"curies":[{"name":"wp","href":"https:\/\/api.w.org\/{rel}","templated":true}]}}