{"id":17546,"date":"2017-04-19T18:31:59","date_gmt":"2017-04-19T21:31:59","guid":{"rendered":"https:\/\/eldiariodesanpedro.com.ar\/sitio\/?p=17546"},"modified":"2017-04-19T18:31:59","modified_gmt":"2017-04-19T21:31:59","slug":"arribo-la-directora-provincial-delegacion-de-mineria-en-nuestra-ciudad","status":"publish","type":"post","link":"https:\/\/eldiariodesanpedro.com.ar\/sitio\/arribo-la-directora-provincial-delegacion-de-mineria-en-nuestra-ciudad\/","title":{"rendered":"ARRIB\u00d3 LA DIRECTORA PROVINCIAL: Delegacion de Miner\u00eda en nuestra ciudad"},"content":{"rendered":"<p><!-- VideographyWP Plugin Message: Automatic video embedding prevented by plugin options. --><br \/>\nEl Se\u00f1or Intendente Municipal Cecilio Salazar recibi\u00f3 a la Directora Provincial de Miner\u00eda de la Provincia de Buenos Aires Carola Patan\u00e9.<\/p>\n<p>La funcionaria propuso crear una delegaci\u00f3n de miner\u00eda en San Pedro, la que tendr\u00eda una intensiva acci\u00f3n sobre el control e inspecci\u00f3n de las areneras y lo que su producci\u00f3n conlleva, control de cargas y dem\u00e1s protocolos.<\/p>\n<p>Esta delegaci\u00f3n ser\u00e1 de gran utilidad para los productores de la zona ya que abarcar\u00eda gran parte de la segunda secci\u00f3n de la provincia.<\/p>\n<p>Recordemos que este ente responde directamente al ministerio de miner\u00eda de la provincia de Buenos Aires y esta Delegaci\u00f3n ser\u00eda un acceso directo al ministerio para todas las ciudades de la regi\u00f3n.<\/p>\n<p>Seguimos creciendo, seguimos construyendo futuro.<\/p>\n","protected":false},"excerpt":{"rendered":"<p>El Se\u00f1or Intendente Municipal Cecilio Salazar recibi\u00f3 a la Directora Provincial de Miner\u00eda de la Provincia de Buenos Aires Carola Patan\u00e9. La funcionaria propuso crear una delegaci\u00f3n de miner\u00eda en San Pedro, la que tendr\u00eda una intensiva acci\u00f3n sobre el control e inspecci\u00f3n de las areneras y lo que su producci\u00f3n conlleva, control de cargas [&hellip;]<\/p>\n","protected":false},"author":4,"featured_media":17547,"comment_status":"open","ping_status":"closed","sticky":false,"template":"","format":"standard","meta":{"om_disable_all_campaigns":false,"_jetpack_memberships_contains_paid_content":false,"footnotes":""},"categories":[2,102],"tags":[],"class_list":["post-17546","post","type-post","status-publish","format-standard","has-post-thumbnail","hentry","category-locales","category-politica-locales"],"aioseo_notices":[],"gutentor_comment":0,"jetpack_featured_media_url":"https:\/\/eldiariodesanpedro.com.ar\/sitio\/wp-content\/uploads\/2017\/04\/Carola-Patan\u00e9-visit\u00f3-la-ciudad.jpg","jetpack_shortlink":"https:\/\/wp.me\/p6RhLt-4z0","jetpack_sharing_enabled":true,"_links":{"self":[{"href":"https:\/\/eldiariodesanpedro.com.ar\/sitio\/wp-json\/wp\/v2\/posts\/17546","targetHints":{"allow":["GET"]}}],"collection":[{"href":"https:\/\/eldiariodesanpedro.com.ar\/sitio\/wp-json\/wp\/v2\/posts"}],"about":[{"href":"https:\/\/eldiariodesanpedro.com.ar\/sitio\/wp-json\/wp\/v2\/types\/post"}],"author":[{"embeddable":true,"href":"https:\/\/eldiariodesanpedro.com.ar\/sitio\/wp-json\/wp\/v2\/users\/4"}],"replies":[{"embeddable":true,"href":"https:\/\/eldiariodesanpedro.com.ar\/sitio\/wp-json\/wp\/v2\/comments?post=17546"}],"version-history":[{"count":1,"href":"https:\/\/eldiariodesanpedro.com.ar\/sitio\/wp-json\/wp\/v2\/posts\/17546\/revisions"}],"predecessor-version":[{"id":17548,"href":"https:\/\/eldiariodesanpedro.com.ar\/sitio\/wp-json\/wp\/v2\/posts\/17546\/revisions\/17548"}],"wp:featuredmedia":[{"embeddable":true,"href":"https:\/\/eldiariodesanpedro.com.ar\/sitio\/wp-json\/wp\/v2\/media\/17547"}],"wp:attachment":[{"href":"https:\/\/eldiariodesanpedro.com.ar\/sitio\/wp-json\/wp\/v2\/media?parent=17546"}],"wp:term":[{"taxonomy":"category","embeddable":true,"href":"https:\/\/eldiariodesanpedro.com.ar\/sitio\/wp-json\/wp\/v2\/categories?post=17546"},{"taxonomy":"post_tag","embeddable":true,"href":"https:\/\/eldiariodesanpedro.com.ar\/sitio\/wp-json\/wp\/v2\/tags?post=17546"}],"curies":[{"name":"wp","href":"https:\/\/api.w.org\/{rel}","templated":true}]}}