{"id":17545,"date":"2017-04-19T19:18:50","date_gmt":"2017-04-19T22:18:50","guid":{"rendered":"https:\/\/eldiariodesanpedro.com.ar\/sitio\/?p=17545"},"modified":"2017-04-19T19:18:50","modified_gmt":"2017-04-19T22:18:50","slug":"gestiones-conjuntas-con-sanatorio-coopser-para-incorporar-a-los-pacientes-de-union-personal","status":"publish","type":"post","link":"https:\/\/eldiariodesanpedro.com.ar\/sitio\/gestiones-conjuntas-con-sanatorio-coopser-para-incorporar-a-los-pacientes-de-union-personal\/","title":{"rendered":"Gestiones conjuntas con Sanatorio COOPSER para incorporar a los pacientes de Union Personal"},"content":{"rendered":"<p><!-- VideographyWP Plugin Message: Automatic video embedding prevented by plugin options. --><br \/>\nEl C\u00edrculo M\u00e9dico de San Pedro informa a la comunidad y especialmente a los pacientes pertenecientes a la obra social y plan pre pago de UNION PERSONAL que se han realizado en los \u00faltimos meses, todos los tr\u00e1mites, gestiones y pedidos necesarios para que se comiencen a brindar consultas y pr\u00e1cticas m\u00e9dicas en el SANATORIO COOPSER.<\/p>\n<p>Lamentablemente hasta el momento no se ha recibido la respuesta esperada, a pesar de que ha sido presentada toda la documentaci\u00f3n exigida, y considerando adem\u00e1s que despu\u00e9s de a\u00f1os de v\u00ednculo con la ex Cl\u00ednica San Mart\u00edn sin ning\u00fan inconveniente, administrativamente, s\u00f3lo ha sido necesario el cambio de la raz\u00f3n social.<\/p>\n<p>Queremos informar a los afiliados que hemos puesto a disposici\u00f3n todo nuestro acompa\u00f1amiento en estas gestiones, articulando con directivos y asesores letrados para activar la atenci\u00f3n y que lamentamos mucho estas demoras que perjudican directamente a cientos de familias.<\/p>\n<p>Las acciones contin\u00faan buscando resolver el tema a la brevedad para que quienes lo deseen puedan contar con el respaldo de los m\u00e9dicos que habitualmente los atienden en el \u00e1mbito del Sanatorio.<\/p>\n","protected":false},"excerpt":{"rendered":"<p>El C\u00edrculo M\u00e9dico de San Pedro informa a la comunidad y especialmente a los pacientes pertenecientes a la obra social y plan pre pago de UNION PERSONAL que se han realizado en los \u00faltimos meses, todos los tr\u00e1mites, gestiones y pedidos necesarios para que se comiencen a brindar consultas y pr\u00e1cticas m\u00e9dicas en el SANATORIO [&hellip;]<\/p>\n","protected":false},"author":4,"featured_media":15656,"comment_status":"open","ping_status":"closed","sticky":false,"template":"","format":"standard","meta":{"om_disable_all_campaigns":false,"_jetpack_memberships_contains_paid_content":false,"footnotes":""},"categories":[101,2],"tags":[],"class_list":["post-17545","post","type-post","status-publish","format-standard","has-post-thumbnail","hentry","category-interes-general-locales","category-locales"],"aioseo_notices":[],"gutentor_comment":0,"jetpack_featured_media_url":"https:\/\/eldiariodesanpedro.com.ar\/sitio\/wp-content\/uploads\/2017\/03\/coopser.jpg","jetpack_shortlink":"https:\/\/wp.me\/p6RhLt-4yZ","jetpack_sharing_enabled":true,"_links":{"self":[{"href":"https:\/\/eldiariodesanpedro.com.ar\/sitio\/wp-json\/wp\/v2\/posts\/17545","targetHints":{"allow":["GET"]}}],"collection":[{"href":"https:\/\/eldiariodesanpedro.com.ar\/sitio\/wp-json\/wp\/v2\/posts"}],"about":[{"href":"https:\/\/eldiariodesanpedro.com.ar\/sitio\/wp-json\/wp\/v2\/types\/post"}],"author":[{"embeddable":true,"href":"https:\/\/eldiariodesanpedro.com.ar\/sitio\/wp-json\/wp\/v2\/users\/4"}],"replies":[{"embeddable":true,"href":"https:\/\/eldiariodesanpedro.com.ar\/sitio\/wp-json\/wp\/v2\/comments?post=17545"}],"version-history":[{"count":1,"href":"https:\/\/eldiariodesanpedro.com.ar\/sitio\/wp-json\/wp\/v2\/posts\/17545\/revisions"}],"predecessor-version":[{"id":17570,"href":"https:\/\/eldiariodesanpedro.com.ar\/sitio\/wp-json\/wp\/v2\/posts\/17545\/revisions\/17570"}],"wp:featuredmedia":[{"embeddable":true,"href":"https:\/\/eldiariodesanpedro.com.ar\/sitio\/wp-json\/wp\/v2\/media\/15656"}],"wp:attachment":[{"href":"https:\/\/eldiariodesanpedro.com.ar\/sitio\/wp-json\/wp\/v2\/media?parent=17545"}],"wp:term":[{"taxonomy":"category","embeddable":true,"href":"https:\/\/eldiariodesanpedro.com.ar\/sitio\/wp-json\/wp\/v2\/categories?post=17545"},{"taxonomy":"post_tag","embeddable":true,"href":"https:\/\/eldiariodesanpedro.com.ar\/sitio\/wp-json\/wp\/v2\/tags?post=17545"}],"curies":[{"name":"wp","href":"https:\/\/api.w.org\/{rel}","templated":true}]}}