{"id":17539,"date":"2017-04-19T15:33:48","date_gmt":"2017-04-19T18:33:48","guid":{"rendered":"https:\/\/eldiariodesanpedro.com.ar\/sitio\/?p=17539"},"modified":"2017-04-19T15:33:48","modified_gmt":"2017-04-19T18:33:48","slug":"scioli-paso-por-san-pedro-y-recorrio-la-reconocida-pacificadora-de-la-ciudad","status":"publish","type":"post","link":"https:\/\/eldiariodesanpedro.com.ar\/sitio\/scioli-paso-por-san-pedro-y-recorrio-la-reconocida-pacificadora-de-la-ciudad\/","title":{"rendered":"Scioli paso por San Pedro y recorri\u00f3 la reconocida pacificadora de la ciudad"},"content":{"rendered":"<p><!-- VideographyWP Plugin Message: Automatic video embedding prevented by plugin options. --><br \/>\nEn el medio d\u00eda de este mi\u00e9rcoles se presento en nuestra ciudad el ex gobernador Daniel Scioli como ya se hab\u00eda comentado en el d\u00eda de ayer luego de su paso por la ciudad de Zarate donde se reuni\u00f3 con el intendente de esa localidad, su visita se llevo a cabo en la pacificadora 505 de Gustavo Confortola y fue acompa\u00f1ado por su amigo personal el corredor de carreras Marcos Di Palma, en el lugar tambi\u00e9n se lo pudo ver al ex intendente Pablo Guacone y el edil Dami\u00e1n Mosquera.<\/p>\n<p>Scioli dio una peque\u00f1a conferencia con los medios presentes donde comento cual es el motivo de su visita: \u00abHoy es un momento muy importante para estar cerca de la producci\u00f3n y del trabajo por eso es que estoy visitando distintos emprendimientos que hemos desarrollado con el Banco de la Provincia de Buenos Aires para incentivar al micro emprendedor como es este el caso\u00bb.<\/p>\n<p>El ex gobernador al ser consultado por si va a ser candidato respondi\u00f3: \u00abLo que es en este momento importante es la gente que necesita ser escuchada , comprenderla ponerle el hombro para defenderla de este ajuste y ayudarla a salir adelante llegado el momento, ver\u00e9 oportunamente desde que lugar puedo ayudar mas\u00bb.<\/p>\n<p>En el momento que uno de los colegas consulto por el nuevo acceso a la ciudad, obra que fue solicitada a su gobierno en varias ocasiones y al final concretada por el actual gobierno de Cambiemos se refiri\u00f3: \u00abMe alegro que se all\u00e1 hecho, en su momento fue una obra que por distintas circunstancias se fue demorando pero a buena hora que se pudo concretar\u00bb.<\/p>\n<p>Luego el ex candidato a presidente recorri\u00f3 las instalaciones del lugar como lo hab\u00eda realizado anteriormente en el a\u00f1o 2010 y para terminar su visita se acerco a los estudios del canal local donde ofreci\u00f3 una extensa nota en el noticiero del medio d\u00eda.<\/p>\n<div class=\"fb-video\" data-allowfullscreen=\"true\" data-href=\"https:\/\/www.facebook.com\/eldiario.desanpedro\/videos\/603729183169558\/\" style=\"background-color: #fff; display: inline-block;\"><\/div>\n","protected":false},"excerpt":{"rendered":"<p>En el medio d\u00eda de este mi\u00e9rcoles se presento en nuestra ciudad el ex gobernador Daniel Scioli como ya se hab\u00eda comentado en el d\u00eda de ayer luego de su paso por la ciudad de Zarate donde se reuni\u00f3 con el intendente de esa localidad, su visita se llevo a cabo en la pacificadora 505 [&hellip;]<\/p>\n","protected":false},"author":4,"featured_media":17542,"comment_status":"open","ping_status":"closed","sticky":false,"template":"","format":"standard","meta":{"om_disable_all_campaigns":false,"_jetpack_memberships_contains_paid_content":false,"footnotes":""},"categories":[50,2,102],"tags":[],"class_list":["post-17539","post","type-post","status-publish","format-standard","has-post-thumbnail","hentry","category-destacadas","category-locales","category-politica-locales"],"aioseo_notices":[],"gutentor_comment":0,"jetpack_featured_media_url":"https:\/\/eldiariodesanpedro.com.ar\/sitio\/wp-content\/uploads\/2017\/04\/DSC_0043.jpg","jetpack_shortlink":"https:\/\/wp.me\/p6RhLt-4yT","jetpack_sharing_enabled":true,"_links":{"self":[{"href":"https:\/\/eldiariodesanpedro.com.ar\/sitio\/wp-json\/wp\/v2\/posts\/17539","targetHints":{"allow":["GET"]}}],"collection":[{"href":"https:\/\/eldiariodesanpedro.com.ar\/sitio\/wp-json\/wp\/v2\/posts"}],"about":[{"href":"https:\/\/eldiariodesanpedro.com.ar\/sitio\/wp-json\/wp\/v2\/types\/post"}],"author":[{"embeddable":true,"href":"https:\/\/eldiariodesanpedro.com.ar\/sitio\/wp-json\/wp\/v2\/users\/4"}],"replies":[{"embeddable":true,"href":"https:\/\/eldiariodesanpedro.com.ar\/sitio\/wp-json\/wp\/v2\/comments?post=17539"}],"version-history":[{"count":1,"href":"https:\/\/eldiariodesanpedro.com.ar\/sitio\/wp-json\/wp\/v2\/posts\/17539\/revisions"}],"predecessor-version":[{"id":17543,"href":"https:\/\/eldiariodesanpedro.com.ar\/sitio\/wp-json\/wp\/v2\/posts\/17539\/revisions\/17543"}],"wp:featuredmedia":[{"embeddable":true,"href":"https:\/\/eldiariodesanpedro.com.ar\/sitio\/wp-json\/wp\/v2\/media\/17542"}],"wp:attachment":[{"href":"https:\/\/eldiariodesanpedro.com.ar\/sitio\/wp-json\/wp\/v2\/media?parent=17539"}],"wp:term":[{"taxonomy":"category","embeddable":true,"href":"https:\/\/eldiariodesanpedro.com.ar\/sitio\/wp-json\/wp\/v2\/categories?post=17539"},{"taxonomy":"post_tag","embeddable":true,"href":"https:\/\/eldiariodesanpedro.com.ar\/sitio\/wp-json\/wp\/v2\/tags?post=17539"}],"curies":[{"name":"wp","href":"https:\/\/api.w.org\/{rel}","templated":true}]}}