{"id":17537,"date":"2017-04-19T09:55:18","date_gmt":"2017-04-19T12:55:18","guid":{"rendered":"https:\/\/eldiariodesanpedro.com.ar\/sitio\/?p=17537"},"modified":"2017-04-19T09:55:18","modified_gmt":"2017-04-19T12:55:18","slug":"se-secuestraron-dos-motos-robadas-y-una-abandonada-en-la-via-publica","status":"publish","type":"post","link":"https:\/\/eldiariodesanpedro.com.ar\/sitio\/se-secuestraron-dos-motos-robadas-y-una-abandonada-en-la-via-publica\/","title":{"rendered":"Se secuestraron dos motos robadas y una abandonada en la v\u00eda publica"},"content":{"rendered":"<p><!-- VideographyWP Plugin Message: Automatic video embedding prevented by plugin options. --><br \/>\nDurante el d\u00eda de ayer se secuestraron tres motocicletas dos de ellas por pedido de secuestro activo y una que fue abandonada en la v\u00eda publica.<\/p>\n<p>La primera moto secuestrada ocurri\u00f3 cuando polic\u00eda local de nuestra ciudad procedi\u00f3 a la aprehensi\u00f3n de un joven que circulaba en una motocicleta Corven Energy 110 cc color rojo que fue robada el d\u00eda 16 de Abril de 2016.<\/p>\n<p>El segundo rodado marca Guerrero Trip 110 cc color azul y negro, fue recuperada tambi\u00e9n por polic\u00eda local y fue robada el d\u00eda 12 de Enero de 2012. Como con el anterior ciudadano fue aprehendido y trasladado a la comisaria local por encubrimiento momentos mas tarde siendo liberados.  <\/p>\n<p>El tercer hecho ocurri\u00f3 el d\u00eda de ayer por la tarde cuando personal de la comisaria quiso identificar a dos j\u00f3venes que circulaban en un ciclomotor marca Juki la que los mismo arrojaron a la v\u00eda publica d\u00e1ndose a la fuga hacia el interior del barrio Hermano Indio sin lograr identificarlos, dejando abandonada el rodado que fue secuestrado y puesto a disposici\u00f3n de la fiscal\u00eda N\u00ba 11   <\/p>\n","protected":false},"excerpt":{"rendered":"<p>Durante el d\u00eda de ayer se secuestraron tres motocicletas dos de ellas por pedido de secuestro activo y una que fue abandonada en la v\u00eda publica. La primera moto secuestrada ocurri\u00f3 cuando polic\u00eda local de nuestra ciudad procedi\u00f3 a la aprehensi\u00f3n de un joven que circulaba en una motocicleta Corven Energy 110 cc color rojo [&hellip;]<\/p>\n","protected":false},"author":4,"featured_media":11797,"comment_status":"open","ping_status":"closed","sticky":false,"template":"","format":"standard","meta":{"om_disable_all_campaigns":false,"_jetpack_memberships_contains_paid_content":false,"footnotes":""},"categories":[50,2,103],"tags":[],"class_list":["post-17537","post","type-post","status-publish","format-standard","has-post-thumbnail","hentry","category-destacadas","category-locales","category-policiales-locales"],"aioseo_notices":[],"gutentor_comment":0,"jetpack_featured_media_url":"https:\/\/eldiariodesanpedro.com.ar\/sitio\/wp-content\/uploads\/2016\/12\/moto-secuestrada.jpg","jetpack_shortlink":"https:\/\/wp.me\/p6RhLt-4yR","jetpack_sharing_enabled":true,"_links":{"self":[{"href":"https:\/\/eldiariodesanpedro.com.ar\/sitio\/wp-json\/wp\/v2\/posts\/17537","targetHints":{"allow":["GET"]}}],"collection":[{"href":"https:\/\/eldiariodesanpedro.com.ar\/sitio\/wp-json\/wp\/v2\/posts"}],"about":[{"href":"https:\/\/eldiariodesanpedro.com.ar\/sitio\/wp-json\/wp\/v2\/types\/post"}],"author":[{"embeddable":true,"href":"https:\/\/eldiariodesanpedro.com.ar\/sitio\/wp-json\/wp\/v2\/users\/4"}],"replies":[{"embeddable":true,"href":"https:\/\/eldiariodesanpedro.com.ar\/sitio\/wp-json\/wp\/v2\/comments?post=17537"}],"version-history":[{"count":1,"href":"https:\/\/eldiariodesanpedro.com.ar\/sitio\/wp-json\/wp\/v2\/posts\/17537\/revisions"}],"predecessor-version":[{"id":17538,"href":"https:\/\/eldiariodesanpedro.com.ar\/sitio\/wp-json\/wp\/v2\/posts\/17537\/revisions\/17538"}],"wp:featuredmedia":[{"embeddable":true,"href":"https:\/\/eldiariodesanpedro.com.ar\/sitio\/wp-json\/wp\/v2\/media\/11797"}],"wp:attachment":[{"href":"https:\/\/eldiariodesanpedro.com.ar\/sitio\/wp-json\/wp\/v2\/media?parent=17537"}],"wp:term":[{"taxonomy":"category","embeddable":true,"href":"https:\/\/eldiariodesanpedro.com.ar\/sitio\/wp-json\/wp\/v2\/categories?post=17537"},{"taxonomy":"post_tag","embeddable":true,"href":"https:\/\/eldiariodesanpedro.com.ar\/sitio\/wp-json\/wp\/v2\/tags?post=17537"}],"curies":[{"name":"wp","href":"https:\/\/api.w.org\/{rel}","templated":true}]}}