{"id":17534,"date":"2017-04-19T09:29:28","date_gmt":"2017-04-19T12:29:28","guid":{"rendered":"https:\/\/eldiariodesanpedro.com.ar\/sitio\/?p=17534"},"modified":"2017-04-19T09:29:28","modified_gmt":"2017-04-19T12:29:28","slug":"salazar-recibio-a-dirigentes-de-la-liga-infantil-de-futbol","status":"publish","type":"post","link":"https:\/\/eldiariodesanpedro.com.ar\/sitio\/salazar-recibio-a-dirigentes-de-la-liga-infantil-de-futbol\/","title":{"rendered":"Salazar recibi\u00f3 a dirigentes de la Liga Infantil de F\u00fatbol"},"content":{"rendered":"<p><!-- VideographyWP Plugin Message: Automatic video embedding prevented by plugin options. --><br \/>\nTras el cambio de autoridades, este martes 18 de abril el Intendente Cecilio Salazar recibi\u00f3 en su despacho a los nuevos dirigentes de la Liga Infantil de F\u00fatbol entre ellos su presidente Eduardo Ohiler.<\/p>\n<p>Durante el encuentro dialogaron sobre futuros programas que podr\u00e1n llevar adelante la entidad deportiva con el apoyo y el acompa\u00f1amiento del municipio, resaltando que el futbol infantil es una de las disciplinas que m\u00e1s cantidad de ni\u00f1os integra.<\/p>\n","protected":false},"excerpt":{"rendered":"<p>Tras el cambio de autoridades, este martes 18 de abril el Intendente Cecilio Salazar recibi\u00f3 en su despacho a los nuevos dirigentes de la Liga Infantil de F\u00fatbol entre ellos su presidente Eduardo Ohiler. Durante el encuentro dialogaron sobre futuros programas que podr\u00e1n llevar adelante la entidad deportiva con el apoyo y el acompa\u00f1amiento del [&hellip;]<\/p>\n","protected":false},"author":4,"featured_media":17535,"comment_status":"open","ping_status":"closed","sticky":false,"template":"","format":"standard","meta":{"om_disable_all_campaigns":false,"_jetpack_memberships_contains_paid_content":false,"footnotes":""},"categories":[2,102],"tags":[],"class_list":["post-17534","post","type-post","status-publish","format-standard","has-post-thumbnail","hentry","category-locales","category-politica-locales"],"aioseo_notices":[],"gutentor_comment":0,"jetpack_featured_media_url":"https:\/\/eldiariodesanpedro.com.ar\/sitio\/wp-content\/uploads\/2017\/04\/FInfantil.jpg","jetpack_shortlink":"https:\/\/wp.me\/p6RhLt-4yO","jetpack_sharing_enabled":true,"_links":{"self":[{"href":"https:\/\/eldiariodesanpedro.com.ar\/sitio\/wp-json\/wp\/v2\/posts\/17534","targetHints":{"allow":["GET"]}}],"collection":[{"href":"https:\/\/eldiariodesanpedro.com.ar\/sitio\/wp-json\/wp\/v2\/posts"}],"about":[{"href":"https:\/\/eldiariodesanpedro.com.ar\/sitio\/wp-json\/wp\/v2\/types\/post"}],"author":[{"embeddable":true,"href":"https:\/\/eldiariodesanpedro.com.ar\/sitio\/wp-json\/wp\/v2\/users\/4"}],"replies":[{"embeddable":true,"href":"https:\/\/eldiariodesanpedro.com.ar\/sitio\/wp-json\/wp\/v2\/comments?post=17534"}],"version-history":[{"count":1,"href":"https:\/\/eldiariodesanpedro.com.ar\/sitio\/wp-json\/wp\/v2\/posts\/17534\/revisions"}],"predecessor-version":[{"id":17536,"href":"https:\/\/eldiariodesanpedro.com.ar\/sitio\/wp-json\/wp\/v2\/posts\/17534\/revisions\/17536"}],"wp:featuredmedia":[{"embeddable":true,"href":"https:\/\/eldiariodesanpedro.com.ar\/sitio\/wp-json\/wp\/v2\/media\/17535"}],"wp:attachment":[{"href":"https:\/\/eldiariodesanpedro.com.ar\/sitio\/wp-json\/wp\/v2\/media?parent=17534"}],"wp:term":[{"taxonomy":"category","embeddable":true,"href":"https:\/\/eldiariodesanpedro.com.ar\/sitio\/wp-json\/wp\/v2\/categories?post=17534"},{"taxonomy":"post_tag","embeddable":true,"href":"https:\/\/eldiariodesanpedro.com.ar\/sitio\/wp-json\/wp\/v2\/tags?post=17534"}],"curies":[{"name":"wp","href":"https:\/\/api.w.org\/{rel}","templated":true}]}}