{"id":17513,"date":"2017-04-18T20:05:19","date_gmt":"2017-04-18T23:05:19","guid":{"rendered":"https:\/\/eldiariodesanpedro.com.ar\/sitio\/?p=17513"},"modified":"2026-01-24T00:26:40","modified_gmt":"2026-01-24T03:26:40","slug":"ciclismo-masiva-concurrencia-de-ciclistas-de-entre-rios-santa-fe-y-buenos-aires","status":"publish","type":"post","link":"https:\/\/eldiariodesanpedro.com.ar\/sitio\/ciclismo-masiva-concurrencia-de-ciclistas-de-entre-rios-santa-fe-y-buenos-aires\/","title":{"rendered":"CICLISMO: Masiva concurrencia de ciclistas de Entre R\u00edos, Santa Fe y Buenos Aires"},"content":{"rendered":"<p><!-- VideographyWP Plugin Message: Automatic video embedding prevented by plugin options. --><br \/>\n  El programa anunciado por la entidad madre del pedal en nuestra Ciudad, Pro Ciclismo, ampl\u00eda la convocatoria, cotejando la lista de inscriptos de la anterior realizaci\u00f3n. El 14 de abril cont\u00f3 con la intervenci\u00f3n de corredores de Paran\u00e1, Gualeguay, Nogoy\u00e1, Entre R\u00edos, distintos lugares de Santa Fe, Buenos Aires, entre otros, sumando 215 participantes en total de las categor\u00edas organizadas.<\/p>\n<p>  Un s\u00faper competitivo espect\u00e1culo, presenciaron los aficionados ubicados a la vera del atractivo Circuito Panor\u00e1mico del Oeste. Observaron el triunfo del Campe\u00f3n del Mundo Gustavo Faris, Master \u00abC\u00bb y el buen desempe\u00f1o de bellas chicas mezcladas en los pelotones de las categor\u00edas: Infantiles, Menores, Iris Ver\u00f3n (San Pedro); Master \u00abC\u00bb, Cristina Ciasullo (Merlo) y Carla Grillo (San Nicol\u00e1s). En la de Fondo, la rosarina Paula Acu\u00f1a y algo que se reitera en la carrera principal, L\u00e1zaro Villarruel y \u00ablos\u00bb Basualdo comandaron los m\u00e1s altos pelda\u00f1os del podio. <\/p>\n<p><strong>Infantiles<\/strong><br \/>\nParticiparon: Laureano Cardoso, Mateo Mendoza, Renata Paz, Justin Giuliani, Giovanna Garibaldi, Gonzalo Paz, Fantino Giuliani, Ana Mendoza, Salvador Faris (Adrogu\u00e9), Patricio Sierra (Nogoy\u00e1), Juan Pablo Echevarne (Salto), Pedro Chipolini, Ramiro Iglesias<\/p>\n<p><strong>Todas las clasificaciones:<\/strong><\/p>\n<p><em>Pe\u00f1a Ciclistas Sampedrinos<\/em><br \/>\n1\u00b0 Mario Fabrizio<br \/>\n2\u00b0 Claudio Rodr\u00edguez<br \/>\n3\u00b0 Guillermo Muraca<br \/>\n4\u00b0 Walter Abraham<br \/>\n5\u00b0 Mauricio Beretta<\/p>\n<p><em>Master \u00abD\u00bb<\/em><br \/>\n1\u00b0 Rodrigo Carbone (Gualeguay)<br \/>\n2\u00b0 Rub\u00e9n Morales (San Pedro)<br \/>\n3\u00b0 Juan Carol (San Antonio de Areco)<br \/>\n4\u00b0 Jorge Cannata (San Pedro)<br \/>\n5\u00b0 Walter Romasanta (Arrecifes)<\/p>\n<p><em>Menores<\/em><br \/>\n1\u00b0 Juan Cruz Grosso (San Nicol\u00e1s)<br \/>\n2\u00b0 Mateo Quintana (San Nicol\u00e1s)<br \/>\n3\u00b0 Brian Carro (San Pedro)<br \/>\n4\u00b0 Santiago Paz (Z\u00e1rate)<br \/>\n5\u00b0 Diego Duarte (Capilla del Se\u00f1or)<br \/>\nGanador Sprint especial: Juan Cruz Grosso (San Nicol\u00e1s)<\/p>\n<p><em>Master \u00abC\u00bb<\/em><br \/>\n1\u00b0 Gustavo Faris (Adrogu\u00e9)<br \/>\n2\u00b0 Pedro Marcelini (Col\u00f3n)<br \/>\n3\u00b0 Sergio Rodr\u00edguez (Pergamino)<br \/>\n4\u00b0 Jorge Gallo (Pergamino)<br \/>\n5\u00b0 N\u00e9stor Chicho Varela (Arrecifes)<br \/>\n6\u00b0 Jorge Cogliatti (Rosario)<br \/>\nGanadores Sprint: Daniel \u00c1vila (Los Polvorines) &#8211; Luis Barreto (Castelar)<\/p>\n<p><em>Master \u00abB\u00bb<\/em><br \/>\n1\u00b0 Juan Fontana (Capit\u00e1n Sarmiento)<br \/>\n2\u00b0 Javier Azurmendi (Capilla del Se\u00f1or)<br \/>\n3\u00b0 Pablo Mallo (San Pedro)<\/p>\n<p><em>Promocional y Master \u00abA\u00bb<\/em><br \/>\n1\u00b0 L\u00e1zaro Villarruel (San Pedro)<br \/>\n2\u00b0 Cristian Basualdo (San Pedro)<br \/>\n3\u00b0 Agust\u00edn Basualdo (San Pedro)<br \/>\n4\u00b0 Agust\u00edn Aquino (Rosario)<br \/>\n5\u00b0 Juan Pablo Villarruel (San Pedro)<br \/>\n6\u00b0 Alan Obando (Rosario)<br \/>\n7\u00b0 Just\u00edn Joach\u00edn (La Luisa)<br \/>\n8\u00b0 Mariano Bianchi (Capit\u00e1n Sarmiento)<br \/>\n9\u00b0 Jos\u00e9 Ram\u00f3n Paz (San Pedro)<br \/>\n10\u00b0 Marcelo Goncebate (Chivilcoy)<\/p>\n<p>Ganadores Sprint: Emanuel Grosso (San Nicol\u00e1s) &#8211; Dami\u00e1n Boscherino (San Pedro) &#8211; Adri\u00e1n Mendoza (San Pedro) &#8211; Camilo Mondinali (San Pedro) &#8211; Cristian Basualdo (San Pedro) &#8211; Luciano Pereyra (Rosario).<\/p>\n<p><a href=\"https:\/\/eldiariodesanpedro.com.ar\/sitio\/wp-content\/uploads\/2017\/04\/Ciclismo-infanto-juvenil.jpg\"><img decoding=\"async\" data-attachment-id=\"17519\" data-permalink=\"https:\/\/eldiariodesanpedro.com.ar\/sitio\/ciclismo-masiva-concurrencia-de-ciclistas-de-entre-rios-santa-fe-y-buenos-aires\/ciclismo-infanto-juvenil\/\" data-orig-file=\"https:\/\/eldiariodesanpedro.com.ar\/sitio\/wp-content\/uploads\/2017\/04\/Ciclismo-infanto-juvenil.jpg\" data-orig-size=\"800,512\" data-comments-opened=\"1\" data-image-meta=\"{&quot;aperture&quot;:&quot;3.6&quot;,&quot;credit&quot;:&quot;&quot;,&quot;camera&quot;:&quot;COOLPIX L810&quot;,&quot;caption&quot;:&quot;&quot;,&quot;created_timestamp&quot;:&quot;1492180465&quot;,&quot;copyright&quot;:&quot;&quot;,&quot;focal_length&quot;:&quot;7.3&quot;,&quot;iso&quot;:&quot;80&quot;,&quot;shutter_speed&quot;:&quot;0.002&quot;,&quot;title&quot;:&quot;&quot;,&quot;orientation&quot;:&quot;1&quot;}\" data-image-title=\"Ciclismo infanto-juvenil\" data-image-description=\"\" data-image-caption=\"\" data-large-file=\"https:\/\/eldiariodesanpedro.com.ar\/sitio\/wp-content\/uploads\/2017\/04\/Ciclismo-infanto-juvenil.jpg\" data-src=\"https:\/\/eldiariodesanpedro.com.ar\/sitio\/wp-content\/uploads\/2017\/04\/Ciclismo-infanto-juvenil-300x192.jpg\" alt=\"\" width=\"300\" height=\"192\" class=\"alignnone size-medium wp-image-17519 lazyload\" data-srcset=\"https:\/\/eldiariodesanpedro.com.ar\/sitio\/wp-content\/uploads\/2017\/04\/Ciclismo-infanto-juvenil-300x192.jpg 300w, https:\/\/eldiariodesanpedro.com.ar\/sitio\/wp-content\/uploads\/2017\/04\/Ciclismo-infanto-juvenil-768x492.jpg 768w, https:\/\/eldiariodesanpedro.com.ar\/sitio\/wp-content\/uploads\/2017\/04\/Ciclismo-infanto-juvenil.jpg 800w\" data-sizes=\"(max-width: 300px) 100vw, 300px\" src=\"data:image\/svg+xml;base64,PHN2ZyB3aWR0aD0iMSIgaGVpZ2h0PSIxIiB4bWxucz0iaHR0cDovL3d3dy53My5vcmcvMjAwMC9zdmciPjwvc3ZnPg==\" style=\"--smush-placeholder-width: 300px; --smush-placeholder-aspect-ratio: 300\/192;\" \/><\/a><\/p>\n","protected":false},"excerpt":{"rendered":"<p>El programa anunciado por la entidad madre del pedal en nuestra Ciudad, Pro Ciclismo, ampl\u00eda la convocatoria, cotejando la lista de inscriptos de la anterior realizaci\u00f3n. El 14 de abril cont\u00f3 con la intervenci\u00f3n de corredores de Paran\u00e1, Gualeguay, Nogoy\u00e1, Entre R\u00edos, distintos lugares de Santa Fe, Buenos Aires, entre otros, sumando 215 participantes en [&hellip;]<\/p>\n","protected":false},"author":4,"featured_media":17518,"comment_status":"open","ping_status":"closed","sticky":false,"template":"","format":"standard","meta":{"om_disable_all_campaigns":false,"_jetpack_memberships_contains_paid_content":false,"footnotes":""},"categories":[5],"tags":[],"class_list":["post-17513","post","type-post","status-publish","format-standard","has-post-thumbnail","hentry","category-deportes"],"aioseo_notices":[],"gutentor_comment":0,"jetpack_featured_media_url":"https:\/\/eldiariodesanpedro.com.ar\/sitio\/wp-content\/uploads\/2017\/04\/ciclismo-competencia-.jpg","jetpack_shortlink":"https:\/\/wp.me\/p6RhLt-4yt","jetpack_sharing_enabled":true,"_links":{"self":[{"href":"https:\/\/eldiariodesanpedro.com.ar\/sitio\/wp-json\/wp\/v2\/posts\/17513","targetHints":{"allow":["GET"]}}],"collection":[{"href":"https:\/\/eldiariodesanpedro.com.ar\/sitio\/wp-json\/wp\/v2\/posts"}],"about":[{"href":"https:\/\/eldiariodesanpedro.com.ar\/sitio\/wp-json\/wp\/v2\/types\/post"}],"author":[{"embeddable":true,"href":"https:\/\/eldiariodesanpedro.com.ar\/sitio\/wp-json\/wp\/v2\/users\/4"}],"replies":[{"embeddable":true,"href":"https:\/\/eldiariodesanpedro.com.ar\/sitio\/wp-json\/wp\/v2\/comments?post=17513"}],"version-history":[{"count":1,"href":"https:\/\/eldiariodesanpedro.com.ar\/sitio\/wp-json\/wp\/v2\/posts\/17513\/revisions"}],"predecessor-version":[{"id":17522,"href":"https:\/\/eldiariodesanpedro.com.ar\/sitio\/wp-json\/wp\/v2\/posts\/17513\/revisions\/17522"}],"wp:featuredmedia":[{"embeddable":true,"href":"https:\/\/eldiariodesanpedro.com.ar\/sitio\/wp-json\/wp\/v2\/media\/17518"}],"wp:attachment":[{"href":"https:\/\/eldiariodesanpedro.com.ar\/sitio\/wp-json\/wp\/v2\/media?parent=17513"}],"wp:term":[{"taxonomy":"category","embeddable":true,"href":"https:\/\/eldiariodesanpedro.com.ar\/sitio\/wp-json\/wp\/v2\/categories?post=17513"},{"taxonomy":"post_tag","embeddable":true,"href":"https:\/\/eldiariodesanpedro.com.ar\/sitio\/wp-json\/wp\/v2\/tags?post=17513"}],"curies":[{"name":"wp","href":"https:\/\/api.w.org\/{rel}","templated":true}]}}