{"id":17507,"date":"2017-04-18T18:36:13","date_gmt":"2017-04-18T21:36:13","guid":{"rendered":"https:\/\/eldiariodesanpedro.com.ar\/sitio\/?p=17507"},"modified":"2017-04-18T18:36:13","modified_gmt":"2017-04-18T21:36:13","slug":"se-conformara-el-sindicato-de-trabajadores-de-enfermeria-en-san-pedro","status":"publish","type":"post","link":"https:\/\/eldiariodesanpedro.com.ar\/sitio\/se-conformara-el-sindicato-de-trabajadores-de-enfermeria-en-san-pedro\/","title":{"rendered":"Se conformar\u00e1 el Sindicato de Trabajadores de Enfermer\u00eda en San Pedro"},"content":{"rendered":"<p><!-- VideographyWP Plugin Message: Automatic video embedding prevented by plugin options. --><br \/>\nTrabajadores que desarrollan la actividad en nuestra ciudad han realizado el contacto con el sindicato a nivel nacional, los que llegar\u00e1n a San Pedro para dar inicio oficial a las actividades.<\/p>\n<p>En ese sentido, Dario Gimenez, uno de los impulsores de la iniciativa, dijo a trav\u00e9s de \u201cLa Radio 92.3\u201d  que la idea \u201csurge a trav\u00e9s de de las inquietudes de muchos colegas porque no nos sent\u00edamos representados por los gremios, ni de la parte privada ni de la p\u00fablica\u201d.<\/p>\n<p>\u201cSiempre estuvo la inquietud de los compa\u00f1eros de estar representados por su propio gremios\u201d agreg\u00f3.<\/p>\n<p>\u201cSe va a inaugurar una filial que va a depender del gremio a nivel nacional hasta q nosotros conformemos una comisi\u00f3n local\u201d, dijo luego.<\/p>\n<p>Abarca personal que desempe\u00f1an en geri\u00e1tricos, cl\u00ednicas y hospitales. \u201cEn todo lugar donde haya un enfermero ah\u00ed estaremos\u201d sostuvo seguidamente.<\/p>\n","protected":false},"excerpt":{"rendered":"<p>Trabajadores que desarrollan la actividad en nuestra ciudad han realizado el contacto con el sindicato a nivel nacional, los que llegar\u00e1n a San Pedro para dar inicio oficial a las actividades. En ese sentido, Dario Gimenez, uno de los impulsores de la iniciativa, dijo a trav\u00e9s de \u201cLa Radio 92.3\u201d que la idea \u201csurge a [&hellip;]<\/p>\n","protected":false},"author":4,"featured_media":17509,"comment_status":"open","ping_status":"closed","sticky":false,"template":"","format":"standard","meta":{"om_disable_all_campaigns":false,"_jetpack_memberships_contains_paid_content":false,"footnotes":""},"categories":[101,2],"tags":[],"class_list":["post-17507","post","type-post","status-publish","format-standard","has-post-thumbnail","hentry","category-interes-general-locales","category-locales"],"aioseo_notices":[],"gutentor_comment":1,"jetpack_featured_media_url":"https:\/\/eldiariodesanpedro.com.ar\/sitio\/wp-content\/uploads\/2017\/04\/enfermera.jpg","jetpack_shortlink":"https:\/\/wp.me\/p6RhLt-4yn","jetpack_sharing_enabled":true,"_links":{"self":[{"href":"https:\/\/eldiariodesanpedro.com.ar\/sitio\/wp-json\/wp\/v2\/posts\/17507","targetHints":{"allow":["GET"]}}],"collection":[{"href":"https:\/\/eldiariodesanpedro.com.ar\/sitio\/wp-json\/wp\/v2\/posts"}],"about":[{"href":"https:\/\/eldiariodesanpedro.com.ar\/sitio\/wp-json\/wp\/v2\/types\/post"}],"author":[{"embeddable":true,"href":"https:\/\/eldiariodesanpedro.com.ar\/sitio\/wp-json\/wp\/v2\/users\/4"}],"replies":[{"embeddable":true,"href":"https:\/\/eldiariodesanpedro.com.ar\/sitio\/wp-json\/wp\/v2\/comments?post=17507"}],"version-history":[{"count":1,"href":"https:\/\/eldiariodesanpedro.com.ar\/sitio\/wp-json\/wp\/v2\/posts\/17507\/revisions"}],"predecessor-version":[{"id":17510,"href":"https:\/\/eldiariodesanpedro.com.ar\/sitio\/wp-json\/wp\/v2\/posts\/17507\/revisions\/17510"}],"wp:featuredmedia":[{"embeddable":true,"href":"https:\/\/eldiariodesanpedro.com.ar\/sitio\/wp-json\/wp\/v2\/media\/17509"}],"wp:attachment":[{"href":"https:\/\/eldiariodesanpedro.com.ar\/sitio\/wp-json\/wp\/v2\/media?parent=17507"}],"wp:term":[{"taxonomy":"category","embeddable":true,"href":"https:\/\/eldiariodesanpedro.com.ar\/sitio\/wp-json\/wp\/v2\/categories?post=17507"},{"taxonomy":"post_tag","embeddable":true,"href":"https:\/\/eldiariodesanpedro.com.ar\/sitio\/wp-json\/wp\/v2\/tags?post=17507"}],"curies":[{"name":"wp","href":"https:\/\/api.w.org\/{rel}","templated":true}]}}