{"id":17502,"date":"2017-04-18T18:21:20","date_gmt":"2017-04-18T21:21:20","guid":{"rendered":"https:\/\/eldiariodesanpedro.com.ar\/sitio\/?p=17502"},"modified":"2017-04-18T18:21:20","modified_gmt":"2017-04-18T21:21:20","slug":"campana-swiss-medical-group-inaugura-un-centro-medico-ambulatorio","status":"publish","type":"post","link":"https:\/\/eldiariodesanpedro.com.ar\/sitio\/campana-swiss-medical-group-inaugura-un-centro-medico-ambulatorio\/","title":{"rendered":"CAMPANA: Swiss Medical Group inaugura un Centro M\u00e9dico ambulatorio"},"content":{"rendered":"<p><!-- VideographyWP Plugin Message: Automatic video embedding prevented by plugin options. --><br \/>\nCon una inversi\u00f3n que ronda los 150 millones de pesos, el jueves 20 abre sus puertas Swiss Medical Center en Campana. El Centro M\u00e9dico generar\u00e1 unos 70 puestos de trabajo, entre profesionales de la salud y personal administrativo.<\/p>\n<p>Desde el jueves 20 de abril, la ciudad de Campana contar\u00e1 con un nuevo centro de ambulatorio de Swiss Medical Group en Col\u00f3n y De Dominicis.<\/p>\n<p>El flamante centro de salud contar\u00e1 con 12 consultorios de atenci\u00f3n ambulatoria, 3 consultorios de atenci\u00f3n por ART, y 6 consultorios odontol\u00f3gicos, adem\u00e1s de los servicios de ecograf\u00eda, laboratorio de an\u00e1lisis cl\u00ednicos, radiolog\u00eda general y odontol\u00f3gica, resonancia magn\u00e9tica nuclear (RMN) y Tomograf\u00eda, entre otros. Adem\u00e1s, el edificio tendr\u00e1 una sucursal de Swiss Medical Medicina Privada, donde se podr\u00e1 gestionar todo tipo de tr\u00e1mites.<\/p>\n<p>\u201cCampana es una plaza con mucho potencial para SMG, donde se encuentran clientes muy importantes para nosotros y con un volumen de afiliados a los cuales quer\u00edamos llegar en forma directa con nuestra oferta de servicio y calidad prestacional\u201d, dijo Maximiliano Leiva, Gerente General de Centros M\u00e9dicos de Swiss Medical.<\/p>\n<p>De este modo, con el objetivo de estar cada d\u00eda m\u00e1s cerca de sus asociados y de mejorar la calidad de su servicio, Swiss Medical Group sigue fortaleciendo su posici\u00f3n en el mercado de la salud. (http:\/\/www.enlacecritico.com)<\/p>\n","protected":false},"excerpt":{"rendered":"<p>Con una inversi\u00f3n que ronda los 150 millones de pesos, el jueves 20 abre sus puertas Swiss Medical Center en Campana. El Centro M\u00e9dico generar\u00e1 unos 70 puestos de trabajo, entre profesionales de la salud y personal administrativo. Desde el jueves 20 de abril, la ciudad de Campana contar\u00e1 con un nuevo centro de ambulatorio [&hellip;]<\/p>\n","protected":false},"author":4,"featured_media":17504,"comment_status":"open","ping_status":"closed","sticky":false,"template":"","format":"standard","meta":{"om_disable_all_campaigns":false,"_jetpack_memberships_contains_paid_content":false,"footnotes":""},"categories":[621],"tags":[],"class_list":["post-17502","post","type-post","status-publish","format-standard","has-post-thumbnail","hentry","category-regionales"],"aioseo_notices":[],"gutentor_comment":0,"jetpack_featured_media_url":"https:\/\/eldiariodesanpedro.com.ar\/sitio\/wp-content\/uploads\/2017\/04\/swizz-medical.jpg","jetpack_shortlink":"https:\/\/wp.me\/p6RhLt-4yi","jetpack_sharing_enabled":true,"_links":{"self":[{"href":"https:\/\/eldiariodesanpedro.com.ar\/sitio\/wp-json\/wp\/v2\/posts\/17502","targetHints":{"allow":["GET"]}}],"collection":[{"href":"https:\/\/eldiariodesanpedro.com.ar\/sitio\/wp-json\/wp\/v2\/posts"}],"about":[{"href":"https:\/\/eldiariodesanpedro.com.ar\/sitio\/wp-json\/wp\/v2\/types\/post"}],"author":[{"embeddable":true,"href":"https:\/\/eldiariodesanpedro.com.ar\/sitio\/wp-json\/wp\/v2\/users\/4"}],"replies":[{"embeddable":true,"href":"https:\/\/eldiariodesanpedro.com.ar\/sitio\/wp-json\/wp\/v2\/comments?post=17502"}],"version-history":[{"count":1,"href":"https:\/\/eldiariodesanpedro.com.ar\/sitio\/wp-json\/wp\/v2\/posts\/17502\/revisions"}],"predecessor-version":[{"id":17505,"href":"https:\/\/eldiariodesanpedro.com.ar\/sitio\/wp-json\/wp\/v2\/posts\/17502\/revisions\/17505"}],"wp:featuredmedia":[{"embeddable":true,"href":"https:\/\/eldiariodesanpedro.com.ar\/sitio\/wp-json\/wp\/v2\/media\/17504"}],"wp:attachment":[{"href":"https:\/\/eldiariodesanpedro.com.ar\/sitio\/wp-json\/wp\/v2\/media?parent=17502"}],"wp:term":[{"taxonomy":"category","embeddable":true,"href":"https:\/\/eldiariodesanpedro.com.ar\/sitio\/wp-json\/wp\/v2\/categories?post=17502"},{"taxonomy":"post_tag","embeddable":true,"href":"https:\/\/eldiariodesanpedro.com.ar\/sitio\/wp-json\/wp\/v2\/tags?post=17502"}],"curies":[{"name":"wp","href":"https:\/\/api.w.org\/{rel}","templated":true}]}}