{"id":17500,"date":"2017-04-18T18:18:30","date_gmt":"2017-04-18T21:18:30","guid":{"rendered":"https:\/\/eldiariodesanpedro.com.ar\/sitio\/?p=17500"},"modified":"2017-04-18T18:18:30","modified_gmt":"2017-04-18T21:18:30","slug":"zarate-una-persona-fue-baleada-en-pleno-centro-en-intento-de-robo","status":"publish","type":"post","link":"https:\/\/eldiariodesanpedro.com.ar\/sitio\/zarate-una-persona-fue-baleada-en-pleno-centro-en-intento-de-robo\/","title":{"rendered":"Z\u00c1RATE: Una persona fue baleada en pleno centro en intento de robo"},"content":{"rendered":"<p><!-- VideographyWP Plugin Message: Automatic video embedding prevented by plugin options. --><br \/>\nUna persona fue baleada en pleno centro de nuestra ciudad cuando se dispon\u00eda a ingresar al Banco Patagonia, ubicado en Brown y Belgrano. Lo interceptaron dos delincuentes que, a pesar de golpearlo y balearlo, no le pudieron robar el dinero.<\/p>\n<p>La v\u00edctima hab\u00eda arribado en una camioneta perteneciente al parador Atalaya y fue atacado cuando descendi\u00f3 del veh\u00edculo, por dos individuos que lo estaban esperando dentro de un autom\u00f3vil en doble fila.<\/p>\n<p>En medio de la resistencia, el hombre recibi\u00f3 golpes y un disparo en una de sus piernas. Seg\u00fan testigos, se oyeron tres disparos, pero solamente uno fue el que lo impact\u00f3.<\/p>\n<p>Los ladrones huyeron, mientras que la v\u00edctima fue trasladada para recibir asistencia m\u00e9dica.<\/p>\n<p>La v\u00edctima, identificado como Carlos Italiano, es gerente de Atalaya. Esta ma\u00f1ana dialog\u00f3 por radio Omega y cont\u00f3: \u201cEran dos autos que participaron del hecho. Uno de los delincuentes estaba vestido de polic\u00eda\u201d.<\/p>\n<p>\u201cAl que me atac\u00f3 de frente lo podr\u00eda reconocer. Los dos polic\u00edas locales que suelen estar en la zona no estaban\u201d.<\/p>\n<p>Carlos se encuentra internado en el Sanatorio Fitz Roy en el barrio de Palermo. (Z\u00e1rate Alerta)<\/p>\n","protected":false},"excerpt":{"rendered":"<p>Una persona fue baleada en pleno centro de nuestra ciudad cuando se dispon\u00eda a ingresar al Banco Patagonia, ubicado en Brown y Belgrano. Lo interceptaron dos delincuentes que, a pesar de golpearlo y balearlo, no le pudieron robar el dinero. La v\u00edctima hab\u00eda arribado en una camioneta perteneciente al parador Atalaya y fue atacado cuando [&hellip;]<\/p>\n","protected":false},"author":4,"featured_media":17501,"comment_status":"open","ping_status":"closed","sticky":false,"template":"","format":"standard","meta":{"om_disable_all_campaigns":false,"_jetpack_memberships_contains_paid_content":false,"footnotes":""},"categories":[621],"tags":[],"class_list":["post-17500","post","type-post","status-publish","format-standard","has-post-thumbnail","hentry","category-regionales"],"aioseo_notices":[],"gutentor_comment":0,"jetpack_featured_media_url":"https:\/\/eldiariodesanpedro.com.ar\/sitio\/wp-content\/uploads\/2017\/04\/policia-robo-centro-zarate.jpg","jetpack_shortlink":"https:\/\/wp.me\/p6RhLt-4yg","jetpack_sharing_enabled":true,"_links":{"self":[{"href":"https:\/\/eldiariodesanpedro.com.ar\/sitio\/wp-json\/wp\/v2\/posts\/17500","targetHints":{"allow":["GET"]}}],"collection":[{"href":"https:\/\/eldiariodesanpedro.com.ar\/sitio\/wp-json\/wp\/v2\/posts"}],"about":[{"href":"https:\/\/eldiariodesanpedro.com.ar\/sitio\/wp-json\/wp\/v2\/types\/post"}],"author":[{"embeddable":true,"href":"https:\/\/eldiariodesanpedro.com.ar\/sitio\/wp-json\/wp\/v2\/users\/4"}],"replies":[{"embeddable":true,"href":"https:\/\/eldiariodesanpedro.com.ar\/sitio\/wp-json\/wp\/v2\/comments?post=17500"}],"version-history":[{"count":1,"href":"https:\/\/eldiariodesanpedro.com.ar\/sitio\/wp-json\/wp\/v2\/posts\/17500\/revisions"}],"predecessor-version":[{"id":17503,"href":"https:\/\/eldiariodesanpedro.com.ar\/sitio\/wp-json\/wp\/v2\/posts\/17500\/revisions\/17503"}],"wp:featuredmedia":[{"embeddable":true,"href":"https:\/\/eldiariodesanpedro.com.ar\/sitio\/wp-json\/wp\/v2\/media\/17501"}],"wp:attachment":[{"href":"https:\/\/eldiariodesanpedro.com.ar\/sitio\/wp-json\/wp\/v2\/media?parent=17500"}],"wp:term":[{"taxonomy":"category","embeddable":true,"href":"https:\/\/eldiariodesanpedro.com.ar\/sitio\/wp-json\/wp\/v2\/categories?post=17500"},{"taxonomy":"post_tag","embeddable":true,"href":"https:\/\/eldiariodesanpedro.com.ar\/sitio\/wp-json\/wp\/v2\/tags?post=17500"}],"curies":[{"name":"wp","href":"https:\/\/api.w.org\/{rel}","templated":true}]}}