{"id":17497,"date":"2017-04-18T18:14:58","date_gmt":"2017-04-18T21:14:58","guid":{"rendered":"https:\/\/eldiariodesanpedro.com.ar\/sitio\/?p=17497"},"modified":"2017-04-18T18:16:16","modified_gmt":"2017-04-18T21:16:16","slug":"salto-tras-la-inundacion-comienza-la-vuelta-a-casa","status":"publish","type":"post","link":"https:\/\/eldiariodesanpedro.com.ar\/sitio\/salto-tras-la-inundacion-comienza-la-vuelta-a-casa\/","title":{"rendered":"SALTO: Tras la inundaci\u00f3n, comienza la vuelta a casa"},"content":{"rendered":"<p><!-- VideographyWP Plugin Message: Automatic video embedding prevented by plugin options. --><br \/>\nEl secretario del Intendente, Camilo Alessandro, habl\u00f3 de la situaci\u00f3n actual, cuando el nivel del R\u00edo Salto contin\u00faa bajando y se encontraba a a las 7 de la ma\u00f1ana en 8 metros 6 cent\u00edmetros.  \u201cComienza la vuelta a casa y le estamos brindando todo el apoyo con Emergencia de Provincia, Bromatolog\u00eda y Servicios Sanitarios. Hemos recorrido constantemente todas las zonas afectadas y se palpa la angustia. Fueron afectadas alrededor de 120 manzanas\u201c, dijo y agradeci\u00f3 a la comunidad e instituciones  en general y en especial destac\u00f3 el accionar de los Bomberos de nuestra ciudad y de otros lugares: \u201cEl 85 por ciento de las personas afectadas por la inundaci\u00f3n fueron evacuados en seco\u201d.<\/p>\n<p>Por otro lado, se\u00f1al\u00f3 que \u201cen Desarrollo Social hab\u00eda mucha gente\u201d. Esto se debe a que es el \u00fanico lugar donde entregan los certificados para inundados, instrumento con el que deben contar todos los damnificados para beneficios, tr\u00e1mites y ausencia en su lugar de trabajo.<\/p>\n<p>\u201cDe la Gobernadora para abajo han venido de todas las \u00e1reas provinciales y se han comprometido a hacer las obras. Vinieron 13 \u00f3 14 empresas para comprometerse con las obras\u201d, remarc\u00f3 Camilo.<\/p>\n<p>Entre ellos, estuvo en Salto el domingo, el subsecretario de Seguridad provincial Mat\u00edas Ranzini para cooperar con el operativo de emergencias.<\/p>\n<p>Y el s\u00e1bado 15, el coordinador del Instituto de la Vivienda bonaerense, Evert Van Tooren, quien visit\u00f3 la obra de las 34 viviendas -que esperan los damnificados por la otra gran inundaci\u00f3n de 2015, entre ellos quienes viven en casillas en el Camping y que en cada una de las 3 crecidas de los \u00faltimos 100 d\u00edas deben ser trasladados- y confirm\u00f3 \u201cla aprobaci\u00f3n del proyecto para la construcci\u00f3n de 100 viviendas nuevas, destinadas tambi\u00e9n a damnificados\u201d. Despu\u00e9s de la recorrida del funcionario, el intendente Ricardo Alessandro brind\u00f3 una conferencia de prensa. (http:\/\/fm2001salto.com.ar)<\/p>\n","protected":false},"excerpt":{"rendered":"<p>El secretario del Intendente, Camilo Alessandro, habl\u00f3 de la situaci\u00f3n actual, cuando el nivel del R\u00edo Salto contin\u00faa bajando y se encontraba a a las 7 de la ma\u00f1ana en 8 metros 6 cent\u00edmetros. \u201cComienza la vuelta a casa y le estamos brindando todo el apoyo con Emergencia de Provincia, Bromatolog\u00eda y Servicios Sanitarios. Hemos [&hellip;]<\/p>\n","protected":false},"author":4,"featured_media":17499,"comment_status":"open","ping_status":"closed","sticky":false,"template":"","format":"standard","meta":{"om_disable_all_campaigns":false,"_jetpack_memberships_contains_paid_content":false,"footnotes":""},"categories":[621],"tags":[],"class_list":["post-17497","post","type-post","status-publish","format-standard","has-post-thumbnail","hentry","category-regionales"],"aioseo_notices":[],"gutentor_comment":0,"jetpack_featured_media_url":"https:\/\/eldiariodesanpedro.com.ar\/sitio\/wp-content\/uploads\/2017\/04\/Vecinos-vuelven-de-a-poco-a-sus-hogares..jpg","jetpack_shortlink":"https:\/\/wp.me\/p6RhLt-4yd","jetpack_sharing_enabled":true,"_links":{"self":[{"href":"https:\/\/eldiariodesanpedro.com.ar\/sitio\/wp-json\/wp\/v2\/posts\/17497","targetHints":{"allow":["GET"]}}],"collection":[{"href":"https:\/\/eldiariodesanpedro.com.ar\/sitio\/wp-json\/wp\/v2\/posts"}],"about":[{"href":"https:\/\/eldiariodesanpedro.com.ar\/sitio\/wp-json\/wp\/v2\/types\/post"}],"author":[{"embeddable":true,"href":"https:\/\/eldiariodesanpedro.com.ar\/sitio\/wp-json\/wp\/v2\/users\/4"}],"replies":[{"embeddable":true,"href":"https:\/\/eldiariodesanpedro.com.ar\/sitio\/wp-json\/wp\/v2\/comments?post=17497"}],"version-history":[{"count":1,"href":"https:\/\/eldiariodesanpedro.com.ar\/sitio\/wp-json\/wp\/v2\/posts\/17497\/revisions"}],"predecessor-version":[{"id":17498,"href":"https:\/\/eldiariodesanpedro.com.ar\/sitio\/wp-json\/wp\/v2\/posts\/17497\/revisions\/17498"}],"wp:featuredmedia":[{"embeddable":true,"href":"https:\/\/eldiariodesanpedro.com.ar\/sitio\/wp-json\/wp\/v2\/media\/17499"}],"wp:attachment":[{"href":"https:\/\/eldiariodesanpedro.com.ar\/sitio\/wp-json\/wp\/v2\/media?parent=17497"}],"wp:term":[{"taxonomy":"category","embeddable":true,"href":"https:\/\/eldiariodesanpedro.com.ar\/sitio\/wp-json\/wp\/v2\/categories?post=17497"},{"taxonomy":"post_tag","embeddable":true,"href":"https:\/\/eldiariodesanpedro.com.ar\/sitio\/wp-json\/wp\/v2\/tags?post=17497"}],"curies":[{"name":"wp","href":"https:\/\/api.w.org\/{rel}","templated":true}]}}