{"id":17495,"date":"2017-04-18T18:05:16","date_gmt":"2017-04-18T21:05:16","guid":{"rendered":"https:\/\/eldiariodesanpedro.com.ar\/sitio\/?p=17495"},"modified":"2017-04-18T18:05:16","modified_gmt":"2017-04-18T21:05:16","slug":"ramanzini-propone-crear-transporte-municipal-gratuito-para-la-ciudad-y-las-localidades","status":"publish","type":"post","link":"https:\/\/eldiariodesanpedro.com.ar\/sitio\/ramanzini-propone-crear-transporte-municipal-gratuito-para-la-ciudad-y-las-localidades\/","title":{"rendered":"Ramanzini propone crear transporte municipal gratuito para la ciudad y las localidades"},"content":{"rendered":"<p><!-- VideographyWP Plugin Message: Automatic video embedding prevented by plugin options. --><br \/>\nAriel Ramanzini, actual presidente de bloque de concejales  y referente del Frente Renovador de San Pedro present\u00f3 un proyecto para que haya transporte municipal gratuito en la ciudad y hacia y desde las localidades.<\/p>\n<p>El concejal present\u00f3 un nuevo proyecto de Ordenanza en el cual propone crear un servicio de transporte municipal para la ciudad y las localidades \u201cEste proyecto queremos compart\u00edrselo al intendente para que los vecinos puedan viajar mejor, la propuesta es que a trav\u00e9s de la adquisici\u00f3n de colectivos por parte del municipio se pueda brindar este nuevo servicio municipal a la comunidad. El eje de proyecto es que sea totalmente gratuito para todos los vecinos de San Pedro y localidades y que brinden un servicio de recorrido en forma de circuito  por varios puntos de la ciudad donde la gente necesita acercarse a diario, y de esa manera los deje cerca o pasen por diversos lugares como ser el Centro Integrador Comunitario, Centros de Salud, Escuelas, Hospital Subzonal, Palacio Municipal, Secretaria de Desarrollo Humano, Oficinas y Organismos Provinciales y Nacionales, tales como R.N.P, PAMI, ANSES, Juzgado de Paz y Comisar\u00edas. Continuar\u00e1 luego por el Bajo Cementerio, Barrio los Cazadores y Bajo Tala,  y todos los puntos que sean necesarios para que la gente pueda circular por la ciudad sin problemas. Tambi\u00e9n pensamos que  haga trayectos hacia y desde las localidades. Vemos que este es un reclamo constante de todos los vecinos, por la mala calidad que actualmente brinda la \u00fanica empresa de transporte que presta el servicio. M\u00e1s all\u00e1 de eso vemos la necesidad de evitar el gran problema que muchos padres tienen que es llevar a sus hijos en moto a la escuela con el grave riesgo que conlleva que en varios casos tengan que salir a la calle con m\u00e1s de dos pasajeros en las motos, de esa manera bajaremos el riesgo de accidentes, y tambi\u00e9n apuntamos que este sea un servicio social que ayude a las familias de las localidades que tienen que afrontar el alto costo del pasaje para venir a la ciudad; as\u00ed estaremos brindando un servicio general para todos los vecinos de san Pedro y las localidades, generando mayor inclusi\u00f3n social e igualdad de oportunidades a todas las familias que no pueden afrontar el alto costo del pasaje de colectivo y por otro lado tambi\u00e9n estaremos mejorando la seguridad vial y bajando el nivel de accidentes\u201d Plantea el concejal.<\/p>\n<p>La idea es que la adquisici\u00f3n de los colectivos se hagan a trav\u00e9s de compra de unidades, ya sea a trav\u00e9s de fondos propios, o a trav\u00e9s de pr\u00e9stamos o leasing para adquirir los colectivos y luego estos sean manejados por personal municipal. Los conductores ser\u00e1n elegidos de la actual planta municipal por el Departamento Ejecutivo, privilegiando a quienes actualmente cobran la asignaci\u00f3n \u201cpremio por conducci\u00f3n\u201d. De  esa manera no habr\u00e1 que incorporar m\u00e1s personal a la planta municipal y no se incrementar\u00e1 el gasto, el \u00fanico gasto ser\u00eda seguro y combustible que es un costo menor para el municipio. Creemos que es algo simple de implementar y que el gobierno local puede llevarlo adelante y servir\u00eda para brindar un servicio social que mejore la seguridad vial y la calidad de vida de todos los vecinos\u201d Sentenci\u00f3 el concejal Ramanzini.\u00a0<\/p>\n","protected":false},"excerpt":{"rendered":"<p>Ariel Ramanzini, actual presidente de bloque de concejales y referente del Frente Renovador de San Pedro present\u00f3 un proyecto para que haya transporte municipal gratuito en la ciudad y hacia y desde las localidades. El concejal present\u00f3 un nuevo proyecto de Ordenanza en el cual propone crear un servicio de transporte municipal para la ciudad [&hellip;]<\/p>\n","protected":false},"author":4,"featured_media":2204,"comment_status":"open","ping_status":"closed","sticky":false,"template":"","format":"standard","meta":{"om_disable_all_campaigns":false,"_jetpack_memberships_contains_paid_content":false,"footnotes":""},"categories":[50,2,102],"tags":[],"class_list":["post-17495","post","type-post","status-publish","format-standard","has-post-thumbnail","hentry","category-destacadas","category-locales","category-politica-locales"],"aioseo_notices":[],"gutentor_comment":0,"jetpack_featured_media_url":"https:\/\/eldiariodesanpedro.com.ar\/sitio\/wp-content\/uploads\/2016\/03\/ramanzini_vota_final.jpg","jetpack_shortlink":"https:\/\/wp.me\/p6RhLt-4yb","jetpack_sharing_enabled":true,"_links":{"self":[{"href":"https:\/\/eldiariodesanpedro.com.ar\/sitio\/wp-json\/wp\/v2\/posts\/17495","targetHints":{"allow":["GET"]}}],"collection":[{"href":"https:\/\/eldiariodesanpedro.com.ar\/sitio\/wp-json\/wp\/v2\/posts"}],"about":[{"href":"https:\/\/eldiariodesanpedro.com.ar\/sitio\/wp-json\/wp\/v2\/types\/post"}],"author":[{"embeddable":true,"href":"https:\/\/eldiariodesanpedro.com.ar\/sitio\/wp-json\/wp\/v2\/users\/4"}],"replies":[{"embeddable":true,"href":"https:\/\/eldiariodesanpedro.com.ar\/sitio\/wp-json\/wp\/v2\/comments?post=17495"}],"version-history":[{"count":1,"href":"https:\/\/eldiariodesanpedro.com.ar\/sitio\/wp-json\/wp\/v2\/posts\/17495\/revisions"}],"predecessor-version":[{"id":17496,"href":"https:\/\/eldiariodesanpedro.com.ar\/sitio\/wp-json\/wp\/v2\/posts\/17495\/revisions\/17496"}],"wp:featuredmedia":[{"embeddable":true,"href":"https:\/\/eldiariodesanpedro.com.ar\/sitio\/wp-json\/wp\/v2\/media\/2204"}],"wp:attachment":[{"href":"https:\/\/eldiariodesanpedro.com.ar\/sitio\/wp-json\/wp\/v2\/media?parent=17495"}],"wp:term":[{"taxonomy":"category","embeddable":true,"href":"https:\/\/eldiariodesanpedro.com.ar\/sitio\/wp-json\/wp\/v2\/categories?post=17495"},{"taxonomy":"post_tag","embeddable":true,"href":"https:\/\/eldiariodesanpedro.com.ar\/sitio\/wp-json\/wp\/v2\/tags?post=17495"}],"curies":[{"name":"wp","href":"https:\/\/api.w.org\/{rel}","templated":true}]}}