{"id":17485,"date":"2017-04-18T14:02:05","date_gmt":"2017-04-18T17:02:05","guid":{"rendered":"https:\/\/eldiariodesanpedro.com.ar\/sitio\/?p=17485"},"modified":"2017-04-18T17:57:33","modified_gmt":"2017-04-18T20:57:33","slug":"una-mujer-sufrio-fractura-de-tibia-y-perone-en-accidente-de-transito","status":"publish","type":"post","link":"https:\/\/eldiariodesanpedro.com.ar\/sitio\/una-mujer-sufrio-fractura-de-tibia-y-perone-en-accidente-de-transito\/","title":{"rendered":"Una mujer sufri\u00f3 fractura de tibia y peron\u00e9 en accidente de transito"},"content":{"rendered":"<p><!-- VideographyWP Plugin Message: Automatic video embedding prevented by plugin options. --><br \/>\nEn el medio d\u00eda de hoy, pasadas las 13:00 hs ocurri\u00f3 un accidente de tr\u00e1nsito en la esquina de Libertad y Padre Santana entre un autom\u00f3vil Wolksvagen UP blanco conducido por una mujer de alrededor de 30 a\u00f1o y una moto Gilera Smash 110 cc dirigido tambi\u00e9n por una mujer de 30 a\u00f1os de edad. <\/p>\n<p>Seg\u00fan pudieron contar testigos la motocicleta ven\u00eda por calle Libertad en contra mano a alta velocidad y sin casco, el veh\u00edculo de mayor porte circulaba por Padre Santana normalmente. <\/p>\n<p>La mujer fue trasladada al nosocomio local con un muy fuerte dolor en una de sus piernas, luego de los estudios realizados se pudo constatar que presentaba fractura de tibia y peron\u00e9 en una de sus piernas.<\/p>\n<div data-carousel-extra='{&quot;blog_id&quot;:1,&quot;permalink&quot;:&quot;https:\/\/eldiariodesanpedro.com.ar\/sitio\/una-mujer-sufrio-fractura-de-tibia-y-perone-en-accidente-de-transito\/&quot;}' id='gallery-1' class='gallery galleryid-17485 gallery-columns-3 gallery-size-thumbnail'><figure class='gallery-item'>\n\t\t\t<div class='gallery-icon landscape'>\n\t\t\t\t<a href='https:\/\/eldiariodesanpedro.com.ar\/sitio\/una-mujer-sufrio-fractura-de-tibia-y-perone-en-accidente-de-transito\/img_20170418_131809851\/'><img decoding=\"async\" width=\"150\" height=\"150\" data-src=\"https:\/\/eldiariodesanpedro.com.ar\/sitio\/wp-content\/uploads\/2017\/04\/IMG_20170418_131809851-150x150.jpg\" class=\"attachment-thumbnail size-thumbnail lazyload\" alt=\"El Diario de San Pedro | Noticias locales y regionales\" data-attachment-id=\"17490\" data-permalink=\"https:\/\/eldiariodesanpedro.com.ar\/sitio\/una-mujer-sufrio-fractura-de-tibia-y-perone-en-accidente-de-transito\/img_20170418_131809851\/\" data-orig-file=\"https:\/\/eldiariodesanpedro.com.ar\/sitio\/wp-content\/uploads\/2017\/04\/IMG_20170418_131809851-e1492548997295.jpg\" data-orig-size=\"1000,563\" data-comments-opened=\"1\" data-image-meta=\"{&quot;aperture&quot;:&quot;2&quot;,&quot;credit&quot;:&quot;&quot;,&quot;camera&quot;:&quot;XT1572&quot;,&quot;caption&quot;:&quot;&quot;,&quot;created_timestamp&quot;:&quot;1492521490&quot;,&quot;copyright&quot;:&quot;&quot;,&quot;focal_length&quot;:&quot;4.67&quot;,&quot;iso&quot;:&quot;50&quot;,&quot;shutter_speed&quot;:&quot;0.00079&quot;,&quot;title&quot;:&quot;&quot;,&quot;orientation&quot;:&quot;0&quot;}\" data-image-title=\"IMG_20170418_131809851\" data-image-description=\"\" data-image-caption=\"\" data-large-file=\"https:\/\/eldiariodesanpedro.com.ar\/sitio\/wp-content\/uploads\/2017\/04\/IMG_20170418_131809851-1024x576.jpg\" src=\"data:image\/svg+xml;base64,PHN2ZyB3aWR0aD0iMSIgaGVpZ2h0PSIxIiB4bWxucz0iaHR0cDovL3d3dy53My5vcmcvMjAwMC9zdmciPjwvc3ZnPg==\" style=\"--smush-placeholder-width: 150px; --smush-placeholder-aspect-ratio: 150\/150;\" \/><\/a>\n\t\t\t<\/div><\/figure><figure class='gallery-item'>\n\t\t\t<div class='gallery-icon landscape'>\n\t\t\t\t<a href='https:\/\/eldiariodesanpedro.com.ar\/sitio\/una-mujer-sufrio-fractura-de-tibia-y-perone-en-accidente-de-transito\/img_20170418_131655351\/'><img decoding=\"async\" width=\"150\" height=\"150\" data-src=\"https:\/\/eldiariodesanpedro.com.ar\/sitio\/wp-content\/uploads\/2017\/04\/IMG_20170418_131655351-150x150.jpg\" class=\"attachment-thumbnail size-thumbnail lazyload\" alt=\"El Diario de San Pedro | Noticias locales y regionales\" data-attachment-id=\"17491\" data-permalink=\"https:\/\/eldiariodesanpedro.com.ar\/sitio\/una-mujer-sufrio-fractura-de-tibia-y-perone-en-accidente-de-transito\/img_20170418_131655351\/\" data-orig-file=\"https:\/\/eldiariodesanpedro.com.ar\/sitio\/wp-content\/uploads\/2017\/04\/IMG_20170418_131655351-e1492548970202.jpg\" data-orig-size=\"1000,563\" data-comments-opened=\"1\" data-image-meta=\"{&quot;aperture&quot;:&quot;2&quot;,&quot;credit&quot;:&quot;&quot;,&quot;camera&quot;:&quot;XT1572&quot;,&quot;caption&quot;:&quot;&quot;,&quot;created_timestamp&quot;:&quot;1492521415&quot;,&quot;copyright&quot;:&quot;&quot;,&quot;focal_length&quot;:&quot;4.67&quot;,&quot;iso&quot;:&quot;50&quot;,&quot;shutter_speed&quot;:&quot;0.00122&quot;,&quot;title&quot;:&quot;&quot;,&quot;orientation&quot;:&quot;0&quot;}\" data-image-title=\"IMG_20170418_131655351\" data-image-description=\"\" data-image-caption=\"\" data-large-file=\"https:\/\/eldiariodesanpedro.com.ar\/sitio\/wp-content\/uploads\/2017\/04\/IMG_20170418_131655351-1024x576.jpg\" src=\"data:image\/svg+xml;base64,PHN2ZyB3aWR0aD0iMSIgaGVpZ2h0PSIxIiB4bWxucz0iaHR0cDovL3d3dy53My5vcmcvMjAwMC9zdmciPjwvc3ZnPg==\" style=\"--smush-placeholder-width: 150px; --smush-placeholder-aspect-ratio: 150\/150;\" \/><\/a>\n\t\t\t<\/div><\/figure><figure class='gallery-item'>\n\t\t\t<div class='gallery-icon landscape'>\n\t\t\t\t<a href='https:\/\/eldiariodesanpedro.com.ar\/sitio\/una-mujer-sufrio-fractura-de-tibia-y-perone-en-accidente-de-transito\/img_20170418_131423633\/'><img decoding=\"async\" width=\"150\" height=\"150\" data-src=\"https:\/\/eldiariodesanpedro.com.ar\/sitio\/wp-content\/uploads\/2017\/04\/IMG_20170418_131423633-150x150.jpg\" class=\"attachment-thumbnail size-thumbnail lazyload\" alt=\"El Diario de San Pedro | Noticias locales y regionales\" data-attachment-id=\"17492\" data-permalink=\"https:\/\/eldiariodesanpedro.com.ar\/sitio\/una-mujer-sufrio-fractura-de-tibia-y-perone-en-accidente-de-transito\/img_20170418_131423633\/\" data-orig-file=\"https:\/\/eldiariodesanpedro.com.ar\/sitio\/wp-content\/uploads\/2017\/04\/IMG_20170418_131423633-e1492548928423.jpg\" data-orig-size=\"1000,563\" data-comments-opened=\"1\" data-image-meta=\"{&quot;aperture&quot;:&quot;2&quot;,&quot;credit&quot;:&quot;&quot;,&quot;camera&quot;:&quot;XT1572&quot;,&quot;caption&quot;:&quot;&quot;,&quot;created_timestamp&quot;:&quot;1492521263&quot;,&quot;copyright&quot;:&quot;&quot;,&quot;focal_length&quot;:&quot;4.67&quot;,&quot;iso&quot;:&quot;50&quot;,&quot;shutter_speed&quot;:&quot;0.00174&quot;,&quot;title&quot;:&quot;&quot;,&quot;orientation&quot;:&quot;0&quot;}\" data-image-title=\"IMG_20170418_131423633\" data-image-description=\"\" data-image-caption=\"\" data-large-file=\"https:\/\/eldiariodesanpedro.com.ar\/sitio\/wp-content\/uploads\/2017\/04\/IMG_20170418_131423633-1024x576.jpg\" src=\"data:image\/svg+xml;base64,PHN2ZyB3aWR0aD0iMSIgaGVpZ2h0PSIxIiB4bWxucz0iaHR0cDovL3d3dy53My5vcmcvMjAwMC9zdmciPjwvc3ZnPg==\" style=\"--smush-placeholder-width: 150px; --smush-placeholder-aspect-ratio: 150\/150;\" \/><\/a>\n\t\t\t<\/div><\/figure>\n\t\t<\/div>\n\n","protected":false},"excerpt":{"rendered":"<p>En el medio d\u00eda de hoy, pasadas las 13:00 hs ocurri\u00f3 un accidente de tr\u00e1nsito en la esquina de Libertad y Padre Santana entre un autom\u00f3vil Wolksvagen UP blanco conducido por una mujer de alrededor de 30 a\u00f1o y una moto Gilera Smash 110 cc dirigido tambi\u00e9n por una mujer de 30 a\u00f1os de edad. [&hellip;]<\/p>\n","protected":false},"author":4,"featured_media":17487,"comment_status":"open","ping_status":"closed","sticky":false,"template":"","format":"standard","meta":{"om_disable_all_campaigns":false,"_jetpack_memberships_contains_paid_content":false,"footnotes":""},"categories":[50,2,103],"tags":[],"class_list":["post-17485","post","type-post","status-publish","format-standard","has-post-thumbnail","hentry","category-destacadas","category-locales","category-policiales-locales"],"aioseo_notices":[],"gutentor_comment":0,"jetpack_featured_media_url":"https:\/\/eldiariodesanpedro.com.ar\/sitio\/wp-content\/uploads\/2017\/04\/IMG_20170418_131502154_HDR-e1492534823190.jpg","jetpack_shortlink":"https:\/\/wp.me\/p6RhLt-4y1","jetpack_sharing_enabled":true,"_links":{"self":[{"href":"https:\/\/eldiariodesanpedro.com.ar\/sitio\/wp-json\/wp\/v2\/posts\/17485","targetHints":{"allow":["GET"]}}],"collection":[{"href":"https:\/\/eldiariodesanpedro.com.ar\/sitio\/wp-json\/wp\/v2\/posts"}],"about":[{"href":"https:\/\/eldiariodesanpedro.com.ar\/sitio\/wp-json\/wp\/v2\/types\/post"}],"author":[{"embeddable":true,"href":"https:\/\/eldiariodesanpedro.com.ar\/sitio\/wp-json\/wp\/v2\/users\/4"}],"replies":[{"embeddable":true,"href":"https:\/\/eldiariodesanpedro.com.ar\/sitio\/wp-json\/wp\/v2\/comments?post=17485"}],"version-history":[{"count":4,"href":"https:\/\/eldiariodesanpedro.com.ar\/sitio\/wp-json\/wp\/v2\/posts\/17485\/revisions"}],"predecessor-version":[{"id":17494,"href":"https:\/\/eldiariodesanpedro.com.ar\/sitio\/wp-json\/wp\/v2\/posts\/17485\/revisions\/17494"}],"wp:featuredmedia":[{"embeddable":true,"href":"https:\/\/eldiariodesanpedro.com.ar\/sitio\/wp-json\/wp\/v2\/media\/17487"}],"wp:attachment":[{"href":"https:\/\/eldiariodesanpedro.com.ar\/sitio\/wp-json\/wp\/v2\/media?parent=17485"}],"wp:term":[{"taxonomy":"category","embeddable":true,"href":"https:\/\/eldiariodesanpedro.com.ar\/sitio\/wp-json\/wp\/v2\/categories?post=17485"},{"taxonomy":"post_tag","embeddable":true,"href":"https:\/\/eldiariodesanpedro.com.ar\/sitio\/wp-json\/wp\/v2\/tags?post=17485"}],"curies":[{"name":"wp","href":"https:\/\/api.w.org\/{rel}","templated":true}]}}