{"id":17482,"date":"2017-04-18T09:53:24","date_gmt":"2017-04-18T12:53:24","guid":{"rendered":"https:\/\/eldiariodesanpedro.com.ar\/sitio\/?p=17482"},"modified":"2017-04-18T09:54:55","modified_gmt":"2017-04-18T12:54:55","slug":"recuperan-moto-con-pedido-de-secuestro-activo","status":"publish","type":"post","link":"https:\/\/eldiariodesanpedro.com.ar\/sitio\/recuperan-moto-con-pedido-de-secuestro-activo\/","title":{"rendered":"Recuperan moto con pedido de secuestro activo"},"content":{"rendered":"<p><!-- VideographyWP Plugin Message: Automatic video embedding prevented by plugin options. --><br \/>\nEn el d\u00eda de ayer en la intersecci\u00f3n de Ayacucho e Ituzaingo personal policial procedi\u00f3 al secuestro de una motocicleta Gilera 110 cc que era conducida por un joven de 18 a\u00f1os de edad.<\/p>\n<p>Al establecer que el rodado pose\u00eda pedido de secuestro activo, la misma fue traslada a la comisaria local junto a la persona que la conduc\u00eda, horas mas tarde puesto en libertad.<\/p>\n","protected":false},"excerpt":{"rendered":"<p>En el d\u00eda de ayer en la intersecci\u00f3n de Ayacucho e Ituzaingo personal policial procedi\u00f3 al secuestro de una motocicleta Gilera 110 cc que era conducida por un joven de 18 a\u00f1os de edad. Al establecer que el rodado pose\u00eda pedido de secuestro activo, la misma fue traslada a la comisaria local junto a la [&hellip;]<\/p>\n","protected":false},"author":4,"featured_media":3029,"comment_status":"open","ping_status":"closed","sticky":false,"template":"","format":"standard","meta":{"om_disable_all_campaigns":false,"_jetpack_memberships_contains_paid_content":false,"footnotes":""},"categories":[2,103],"tags":[],"class_list":["post-17482","post","type-post","status-publish","format-standard","has-post-thumbnail","hentry","category-locales","category-policiales-locales"],"aioseo_notices":[],"gutentor_comment":0,"jetpack_featured_media_url":"https:\/\/eldiariodesanpedro.com.ar\/sitio\/wp-content\/uploads\/2016\/04\/moto-patrullero.jpg","jetpack_shortlink":"https:\/\/wp.me\/p6RhLt-4xY","jetpack_sharing_enabled":true,"_links":{"self":[{"href":"https:\/\/eldiariodesanpedro.com.ar\/sitio\/wp-json\/wp\/v2\/posts\/17482","targetHints":{"allow":["GET"]}}],"collection":[{"href":"https:\/\/eldiariodesanpedro.com.ar\/sitio\/wp-json\/wp\/v2\/posts"}],"about":[{"href":"https:\/\/eldiariodesanpedro.com.ar\/sitio\/wp-json\/wp\/v2\/types\/post"}],"author":[{"embeddable":true,"href":"https:\/\/eldiariodesanpedro.com.ar\/sitio\/wp-json\/wp\/v2\/users\/4"}],"replies":[{"embeddable":true,"href":"https:\/\/eldiariodesanpedro.com.ar\/sitio\/wp-json\/wp\/v2\/comments?post=17482"}],"version-history":[{"count":2,"href":"https:\/\/eldiariodesanpedro.com.ar\/sitio\/wp-json\/wp\/v2\/posts\/17482\/revisions"}],"predecessor-version":[{"id":17484,"href":"https:\/\/eldiariodesanpedro.com.ar\/sitio\/wp-json\/wp\/v2\/posts\/17482\/revisions\/17484"}],"wp:featuredmedia":[{"embeddable":true,"href":"https:\/\/eldiariodesanpedro.com.ar\/sitio\/wp-json\/wp\/v2\/media\/3029"}],"wp:attachment":[{"href":"https:\/\/eldiariodesanpedro.com.ar\/sitio\/wp-json\/wp\/v2\/media?parent=17482"}],"wp:term":[{"taxonomy":"category","embeddable":true,"href":"https:\/\/eldiariodesanpedro.com.ar\/sitio\/wp-json\/wp\/v2\/categories?post=17482"},{"taxonomy":"post_tag","embeddable":true,"href":"https:\/\/eldiariodesanpedro.com.ar\/sitio\/wp-json\/wp\/v2\/tags?post=17482"}],"curies":[{"name":"wp","href":"https:\/\/api.w.org\/{rel}","templated":true}]}}