{"id":17478,"date":"2017-04-18T08:39:59","date_gmt":"2017-04-18T11:39:59","guid":{"rendered":"https:\/\/eldiariodesanpedro.com.ar\/sitio\/?p=17478"},"modified":"2017-04-18T08:39:59","modified_gmt":"2017-04-18T11:39:59","slug":"recuperan-una-camioneta-ranger-robada","status":"publish","type":"post","link":"https:\/\/eldiariodesanpedro.com.ar\/sitio\/recuperan-una-camioneta-ranger-robada\/","title":{"rendered":"Recuperan una camioneta Ranger robada"},"content":{"rendered":"<p><!-- VideographyWP Plugin Message: Automatic video embedding prevented by plugin options. --><br \/>\nEn el d\u00eda de ayer en calle Ruiz Moreno al 2000 personal policial intercept\u00f3 una camioneta marca Ford Ranger conducida por un hombre de 46 a\u00f1os, de la cual se pudo establecer a trav\u00e9s de la numeraci\u00f3n del chasis que no coincid\u00eda con su dominio que la misma registraba pedido de secuestro por robo, con intervenci\u00f3n de la UFI N\u00b011 quien dispuso el secuestro del rodado. <\/p>\n","protected":false},"excerpt":{"rendered":"<p>En el d\u00eda de ayer en calle Ruiz Moreno al 2000 personal policial intercept\u00f3 una camioneta marca Ford Ranger conducida por un hombre de 46 a\u00f1os, de la cual se pudo establecer a trav\u00e9s de la numeraci\u00f3n del chasis que no coincid\u00eda con su dominio que la misma registraba pedido de secuestro por robo, con [&hellip;]<\/p>\n","protected":false},"author":4,"featured_media":13370,"comment_status":"open","ping_status":"closed","sticky":false,"template":"","format":"standard","meta":{"om_disable_all_campaigns":false,"_jetpack_memberships_contains_paid_content":false,"footnotes":""},"categories":[2,103],"tags":[],"class_list":["post-17478","post","type-post","status-publish","format-standard","has-post-thumbnail","hentry","category-locales","category-policiales-locales"],"aioseo_notices":[],"gutentor_comment":0,"jetpack_featured_media_url":"https:\/\/eldiariodesanpedro.com.ar\/sitio\/wp-content\/uploads\/2017\/01\/Patrulla-2-e1485286083962.jpg","jetpack_shortlink":"https:\/\/wp.me\/p6RhLt-4xU","jetpack_sharing_enabled":true,"_links":{"self":[{"href":"https:\/\/eldiariodesanpedro.com.ar\/sitio\/wp-json\/wp\/v2\/posts\/17478","targetHints":{"allow":["GET"]}}],"collection":[{"href":"https:\/\/eldiariodesanpedro.com.ar\/sitio\/wp-json\/wp\/v2\/posts"}],"about":[{"href":"https:\/\/eldiariodesanpedro.com.ar\/sitio\/wp-json\/wp\/v2\/types\/post"}],"author":[{"embeddable":true,"href":"https:\/\/eldiariodesanpedro.com.ar\/sitio\/wp-json\/wp\/v2\/users\/4"}],"replies":[{"embeddable":true,"href":"https:\/\/eldiariodesanpedro.com.ar\/sitio\/wp-json\/wp\/v2\/comments?post=17478"}],"version-history":[{"count":1,"href":"https:\/\/eldiariodesanpedro.com.ar\/sitio\/wp-json\/wp\/v2\/posts\/17478\/revisions"}],"predecessor-version":[{"id":17479,"href":"https:\/\/eldiariodesanpedro.com.ar\/sitio\/wp-json\/wp\/v2\/posts\/17478\/revisions\/17479"}],"wp:featuredmedia":[{"embeddable":true,"href":"https:\/\/eldiariodesanpedro.com.ar\/sitio\/wp-json\/wp\/v2\/media\/13370"}],"wp:attachment":[{"href":"https:\/\/eldiariodesanpedro.com.ar\/sitio\/wp-json\/wp\/v2\/media?parent=17478"}],"wp:term":[{"taxonomy":"category","embeddable":true,"href":"https:\/\/eldiariodesanpedro.com.ar\/sitio\/wp-json\/wp\/v2\/categories?post=17478"},{"taxonomy":"post_tag","embeddable":true,"href":"https:\/\/eldiariodesanpedro.com.ar\/sitio\/wp-json\/wp\/v2\/tags?post=17478"}],"curies":[{"name":"wp","href":"https:\/\/api.w.org\/{rel}","templated":true}]}}