{"id":17476,"date":"2017-04-18T08:29:01","date_gmt":"2017-04-18T11:29:01","guid":{"rendered":"https:\/\/eldiariodesanpedro.com.ar\/sitio\/?p=17476"},"modified":"2017-04-18T08:47:27","modified_gmt":"2017-04-18T11:47:27","slug":"una-mujer-se-presento-en-la-comisaria-asegurando-saber-donde-esta-araceli","status":"publish","type":"post","link":"https:\/\/eldiariodesanpedro.com.ar\/sitio\/una-mujer-se-presento-en-la-comisaria-asegurando-saber-donde-esta-araceli\/","title":{"rendered":"Una mujer se present\u00f3 en la comisar\u00eda asegurando saber donde est\u00e1 Araceli"},"content":{"rendered":"<p><!-- VideographyWP Plugin Message: Automatic video embedding prevented by plugin options. --><br \/>\nEn el d\u00eda de ayer alrededor de las 16:00 hs se present\u00f3 en la comisar\u00eda local una se\u00f1ora de 70 a\u00f1os de edad proveniente de la localidad de Lanus Oeste, quien asegura saber donde se encuentra \u00abAraceli Fulles\u00bb de 22 a\u00f1os, vecina del Barrio de Villa Ballester en el Gran Buenos Aires que est\u00e1 desaparecida desde el s\u00e1bado 1\u00b0 de abril y es buscada a trav\u00e9s de los medios nacionales.<\/p>\n<p>Seg\u00fan esta persona la joven se encontrar\u00eda enterrada en la plaza Constituci\u00f3n de nuestra ciudad.<\/p>\n<p>La fiscal\u00eda N\u00b0 11 dispuso con esta mujer un examen m\u00e9dico quien dictamin\u00f3 que presenta desorientaci\u00f3n temporo-espacial, con ideas alucinatorias sin signos de agresividad, fue asistida y alojada en el hospital local donde permaneci\u00f3 hasta horas m\u00e1s tarde cercanas las 01:00 hs que fue retirada por su hija quien asegura que no es la primera vez que act\u00faa de esta manera sobre este hecho de la joven desaparecido.<\/p>\n","protected":false},"excerpt":{"rendered":"<p>En el d\u00eda de ayer alrededor de las 16:00 hs se present\u00f3 en la comisar\u00eda local una se\u00f1ora de 70 a\u00f1os de edad proveniente de la localidad de Lanus Oeste, quien asegura saber donde se encuentra \u00abAraceli Fulles\u00bb de 22 a\u00f1os, vecina del Barrio de Villa Ballester en el Gran Buenos Aires que est\u00e1 desaparecida [&hellip;]<\/p>\n","protected":false},"author":4,"featured_media":16982,"comment_status":"open","ping_status":"closed","sticky":false,"template":"","format":"standard","meta":{"om_disable_all_campaigns":false,"_jetpack_memberships_contains_paid_content":false,"footnotes":""},"categories":[101,2],"tags":[],"class_list":["post-17476","post","type-post","status-publish","format-standard","has-post-thumbnail","hentry","category-interes-general-locales","category-locales"],"aioseo_notices":[],"gutentor_comment":0,"jetpack_featured_media_url":"https:\/\/eldiariodesanpedro.com.ar\/sitio\/wp-content\/uploads\/2017\/04\/DSC_0215-e1492514874414.jpg","jetpack_shortlink":"https:\/\/wp.me\/p6RhLt-4xS","jetpack_sharing_enabled":true,"_links":{"self":[{"href":"https:\/\/eldiariodesanpedro.com.ar\/sitio\/wp-json\/wp\/v2\/posts\/17476","targetHints":{"allow":["GET"]}}],"collection":[{"href":"https:\/\/eldiariodesanpedro.com.ar\/sitio\/wp-json\/wp\/v2\/posts"}],"about":[{"href":"https:\/\/eldiariodesanpedro.com.ar\/sitio\/wp-json\/wp\/v2\/types\/post"}],"author":[{"embeddable":true,"href":"https:\/\/eldiariodesanpedro.com.ar\/sitio\/wp-json\/wp\/v2\/users\/4"}],"replies":[{"embeddable":true,"href":"https:\/\/eldiariodesanpedro.com.ar\/sitio\/wp-json\/wp\/v2\/comments?post=17476"}],"version-history":[{"count":3,"href":"https:\/\/eldiariodesanpedro.com.ar\/sitio\/wp-json\/wp\/v2\/posts\/17476\/revisions"}],"predecessor-version":[{"id":17481,"href":"https:\/\/eldiariodesanpedro.com.ar\/sitio\/wp-json\/wp\/v2\/posts\/17476\/revisions\/17481"}],"wp:featuredmedia":[{"embeddable":true,"href":"https:\/\/eldiariodesanpedro.com.ar\/sitio\/wp-json\/wp\/v2\/media\/16982"}],"wp:attachment":[{"href":"https:\/\/eldiariodesanpedro.com.ar\/sitio\/wp-json\/wp\/v2\/media?parent=17476"}],"wp:term":[{"taxonomy":"category","embeddable":true,"href":"https:\/\/eldiariodesanpedro.com.ar\/sitio\/wp-json\/wp\/v2\/categories?post=17476"},{"taxonomy":"post_tag","embeddable":true,"href":"https:\/\/eldiariodesanpedro.com.ar\/sitio\/wp-json\/wp\/v2\/tags?post=17476"}],"curies":[{"name":"wp","href":"https:\/\/api.w.org\/{rel}","templated":true}]}}