{"id":17467,"date":"2017-04-17T22:22:51","date_gmt":"2017-04-18T01:22:51","guid":{"rendered":"https:\/\/eldiariodesanpedro.com.ar\/sitio\/?p=17467"},"modified":"2017-04-17T22:22:51","modified_gmt":"2017-04-18T01:22:51","slug":"un-vehiculo-de-la-direccion-de-transito-colisionado-por-una-camioneta","status":"publish","type":"post","link":"https:\/\/eldiariodesanpedro.com.ar\/sitio\/un-vehiculo-de-la-direccion-de-transito-colisionado-por-una-camioneta\/","title":{"rendered":"Un veh\u00edculo de la direcci\u00f3n de tr\u00e1nsito colisionado por una camioneta"},"content":{"rendered":"<p><!-- VideographyWP Plugin Message: Automatic video embedding prevented by plugin options. --><br \/>\nEn la noche de este jueves cercanas las 21:15 hs. se produjo un accidente en la intersecci\u00f3n de 25 de Mayo y Lavalle entre un m\u00f3vil de la direcci\u00f3n de tr\u00e1nsito Toyota Etios y una camioneta Jeep color azul. <\/p>\n<p>La camioneta que ven\u00eda circulando marcha atr\u00e1s por calle Lavalle dobla de la misma manera impactando al m\u00f3vil que circulaba por 25 de mayo. A pesar de las advertencia que los inspectores realizaron con la sirena la camioneta no detuvo su marcha. <\/p>\n<p>El hombre mayor de edad que conduc\u00eda el utilitario actu\u00f3 de manera agresiva al momento que los inspectores le avisaron que deb\u00edan secuestra le su rodado por falta de la vtv. <\/p>\n<p>No hubo personas lesionadas. <\/p>\n","protected":false},"excerpt":{"rendered":"<p>En la noche de este jueves cercanas las 21:15 hs. se produjo un accidente en la intersecci\u00f3n de 25 de Mayo y Lavalle entre un m\u00f3vil de la direcci\u00f3n de tr\u00e1nsito Toyota Etios y una camioneta Jeep color azul. La camioneta que ven\u00eda circulando marcha atr\u00e1s por calle Lavalle dobla de la misma manera impactando [&hellip;]<\/p>\n","protected":false},"author":4,"featured_media":17470,"comment_status":"open","ping_status":"closed","sticky":false,"template":"","format":"standard","meta":{"om_disable_all_campaigns":false,"_jetpack_memberships_contains_paid_content":false,"footnotes":""},"categories":[50,2,103],"tags":[],"class_list":["post-17467","post","type-post","status-publish","format-standard","has-post-thumbnail","hentry","category-destacadas","category-locales","category-policiales-locales"],"aioseo_notices":[],"gutentor_comment":0,"jetpack_featured_media_url":"https:\/\/eldiariodesanpedro.com.ar\/sitio\/wp-content\/uploads\/2017\/04\/IMG_20170417_211733600-e1492478266488.jpg","jetpack_shortlink":"https:\/\/wp.me\/p6RhLt-4xJ","jetpack_sharing_enabled":true,"_links":{"self":[{"href":"https:\/\/eldiariodesanpedro.com.ar\/sitio\/wp-json\/wp\/v2\/posts\/17467","targetHints":{"allow":["GET"]}}],"collection":[{"href":"https:\/\/eldiariodesanpedro.com.ar\/sitio\/wp-json\/wp\/v2\/posts"}],"about":[{"href":"https:\/\/eldiariodesanpedro.com.ar\/sitio\/wp-json\/wp\/v2\/types\/post"}],"author":[{"embeddable":true,"href":"https:\/\/eldiariodesanpedro.com.ar\/sitio\/wp-json\/wp\/v2\/users\/4"}],"replies":[{"embeddable":true,"href":"https:\/\/eldiariodesanpedro.com.ar\/sitio\/wp-json\/wp\/v2\/comments?post=17467"}],"version-history":[{"count":3,"href":"https:\/\/eldiariodesanpedro.com.ar\/sitio\/wp-json\/wp\/v2\/posts\/17467\/revisions"}],"predecessor-version":[{"id":17471,"href":"https:\/\/eldiariodesanpedro.com.ar\/sitio\/wp-json\/wp\/v2\/posts\/17467\/revisions\/17471"}],"wp:featuredmedia":[{"embeddable":true,"href":"https:\/\/eldiariodesanpedro.com.ar\/sitio\/wp-json\/wp\/v2\/media\/17470"}],"wp:attachment":[{"href":"https:\/\/eldiariodesanpedro.com.ar\/sitio\/wp-json\/wp\/v2\/media?parent=17467"}],"wp:term":[{"taxonomy":"category","embeddable":true,"href":"https:\/\/eldiariodesanpedro.com.ar\/sitio\/wp-json\/wp\/v2\/categories?post=17467"},{"taxonomy":"post_tag","embeddable":true,"href":"https:\/\/eldiariodesanpedro.com.ar\/sitio\/wp-json\/wp\/v2\/tags?post=17467"}],"curies":[{"name":"wp","href":"https:\/\/api.w.org\/{rel}","templated":true}]}}