{"id":17460,"date":"2017-04-17T21:01:06","date_gmt":"2017-04-18T00:01:06","guid":{"rendered":"https:\/\/eldiariodesanpedro.com.ar\/sitio\/?p=17460"},"modified":"2026-01-24T00:26:40","modified_gmt":"2026-01-24T03:26:40","slug":"automovilismo-junior-solmi-gano-en-la-4-fecha-de-la-copa-bora","status":"publish","type":"post","link":"https:\/\/eldiariodesanpedro.com.ar\/sitio\/automovilismo-junior-solmi-gano-en-la-4-fecha-de-la-copa-bora\/","title":{"rendered":"AUTOMOVILISMO: Junior Solmi gan\u00f3 en la 4\u00b0 fecha de la Copa Bora"},"content":{"rendered":"<p><!-- VideographyWP Plugin Message: Automatic video embedding prevented by plugin options. --><br \/>\n  El sampedrino Junior Solmi logr\u00f3 estar en la cuarta fecha de la Copa Bora 1.8 T en el Aut\u00f3dromo de Concepci\u00f3n del Uruguay (Entre R\u00edos) como telonera del TC.<\/p>\n<p>  Junior ya desde el s\u00e1bado tuvo grandes resultados, se mantuvo dentro de los tres primeros de ambos entrenamientos y logr\u00f3 obtener la pole en la clasificaci\u00f3n con un tiempo de 1:45:217 la vuelta.<\/p>\n<p>  A todo esto, Solmi se colocaba en el primer caj\u00f3n de la grilla para largar y as\u00ed comenzar la esperada final. Durante la misma, lider\u00f3 de punta a punta mostrando un auto y un manejo contundente y apropiado para la ocasi\u00f3n, lo cual le permiti\u00f3 al sampedrino culminar la competencia obteniendo su primera victoria a nivel nacional.   <\/p>\n<p>  El segundo puesto se lo quedo Nicol\u00e1s Mor\u00e1n y completando los tres primeros del podio, Andr\u00e9s De Araujo.<\/p>\n<p>  Con respecto al Campeonato 2017, Junior se encuentra segundo en la lista con una victoria y 64 puntos, siguiendo al puntero que es Roberto Corval\u00e1n con 72.<\/p>\n<p>  La pr\u00f3xima ser\u00e1 en el Aut\u00f3dromo de San Luis el fin de semana del 14 de mayo.<\/p>\n<p><a href=\"https:\/\/eldiariodesanpedro.com.ar\/sitio\/wp-content\/uploads\/2017\/04\/El-color-negro-en-el-Bora-le-trajo-suerte.jpg\"><img decoding=\"async\" data-attachment-id=\"17463\" data-permalink=\"https:\/\/eldiariodesanpedro.com.ar\/sitio\/automovilismo-junior-solmi-gano-en-la-4-fecha-de-la-copa-bora\/el-color-negro-en-el-bora-le-trajo-suerte\/\" data-orig-file=\"https:\/\/eldiariodesanpedro.com.ar\/sitio\/wp-content\/uploads\/2017\/04\/El-color-negro-en-el-Bora-le-trajo-suerte.jpg\" data-orig-size=\"768,768\" data-comments-opened=\"1\" data-image-meta=\"{&quot;aperture&quot;:&quot;0&quot;,&quot;credit&quot;:&quot;&quot;,&quot;camera&quot;:&quot;&quot;,&quot;caption&quot;:&quot;&quot;,&quot;created_timestamp&quot;:&quot;0&quot;,&quot;copyright&quot;:&quot;&quot;,&quot;focal_length&quot;:&quot;0&quot;,&quot;iso&quot;:&quot;0&quot;,&quot;shutter_speed&quot;:&quot;0&quot;,&quot;title&quot;:&quot;&quot;,&quot;orientation&quot;:&quot;0&quot;}\" data-image-title=\"El color negro en el Bora le trajo suerte\" data-image-description=\"\" data-image-caption=\"\" data-large-file=\"https:\/\/eldiariodesanpedro.com.ar\/sitio\/wp-content\/uploads\/2017\/04\/El-color-negro-en-el-Bora-le-trajo-suerte.jpg\" data-src=\"https:\/\/eldiariodesanpedro.com.ar\/sitio\/wp-content\/uploads\/2017\/04\/El-color-negro-en-el-Bora-le-trajo-suerte-300x300.jpg\" alt=\"\" width=\"300\" height=\"300\" class=\"alignnone size-medium wp-image-17463 lazyload\" data-srcset=\"https:\/\/eldiariodesanpedro.com.ar\/sitio\/wp-content\/uploads\/2017\/04\/El-color-negro-en-el-Bora-le-trajo-suerte-300x300.jpg 300w, https:\/\/eldiariodesanpedro.com.ar\/sitio\/wp-content\/uploads\/2017\/04\/El-color-negro-en-el-Bora-le-trajo-suerte-150x150.jpg 150w, https:\/\/eldiariodesanpedro.com.ar\/sitio\/wp-content\/uploads\/2017\/04\/El-color-negro-en-el-Bora-le-trajo-suerte.jpg 768w\" data-sizes=\"(max-width: 300px) 100vw, 300px\" src=\"data:image\/svg+xml;base64,PHN2ZyB3aWR0aD0iMSIgaGVpZ2h0PSIxIiB4bWxucz0iaHR0cDovL3d3dy53My5vcmcvMjAwMC9zdmciPjwvc3ZnPg==\" style=\"--smush-placeholder-width: 300px; --smush-placeholder-aspect-ratio: 300\/300;\" \/><\/a><\/p>\n","protected":false},"excerpt":{"rendered":"<p>El sampedrino Junior Solmi logr\u00f3 estar en la cuarta fecha de la Copa Bora 1.8 T en el Aut\u00f3dromo de Concepci\u00f3n del Uruguay (Entre R\u00edos) como telonera del TC. Junior ya desde el s\u00e1bado tuvo grandes resultados, se mantuvo dentro de los tres primeros de ambos entrenamientos y logr\u00f3 obtener la pole en la clasificaci\u00f3n [&hellip;]<\/p>\n","protected":false},"author":4,"featured_media":17462,"comment_status":"open","ping_status":"closed","sticky":false,"template":"","format":"standard","meta":{"om_disable_all_campaigns":false,"_jetpack_memberships_contains_paid_content":false,"footnotes":""},"categories":[5],"tags":[],"class_list":["post-17460","post","type-post","status-publish","format-standard","has-post-thumbnail","hentry","category-deportes"],"aioseo_notices":[],"gutentor_comment":0,"jetpack_featured_media_url":"https:\/\/eldiariodesanpedro.com.ar\/sitio\/wp-content\/uploads\/2017\/04\/Solmi-festeja-en-el-podio.jpg","jetpack_shortlink":"https:\/\/wp.me\/p6RhLt-4xC","jetpack_sharing_enabled":true,"_links":{"self":[{"href":"https:\/\/eldiariodesanpedro.com.ar\/sitio\/wp-json\/wp\/v2\/posts\/17460","targetHints":{"allow":["GET"]}}],"collection":[{"href":"https:\/\/eldiariodesanpedro.com.ar\/sitio\/wp-json\/wp\/v2\/posts"}],"about":[{"href":"https:\/\/eldiariodesanpedro.com.ar\/sitio\/wp-json\/wp\/v2\/types\/post"}],"author":[{"embeddable":true,"href":"https:\/\/eldiariodesanpedro.com.ar\/sitio\/wp-json\/wp\/v2\/users\/4"}],"replies":[{"embeddable":true,"href":"https:\/\/eldiariodesanpedro.com.ar\/sitio\/wp-json\/wp\/v2\/comments?post=17460"}],"version-history":[{"count":1,"href":"https:\/\/eldiariodesanpedro.com.ar\/sitio\/wp-json\/wp\/v2\/posts\/17460\/revisions"}],"predecessor-version":[{"id":17464,"href":"https:\/\/eldiariodesanpedro.com.ar\/sitio\/wp-json\/wp\/v2\/posts\/17460\/revisions\/17464"}],"wp:featuredmedia":[{"embeddable":true,"href":"https:\/\/eldiariodesanpedro.com.ar\/sitio\/wp-json\/wp\/v2\/media\/17462"}],"wp:attachment":[{"href":"https:\/\/eldiariodesanpedro.com.ar\/sitio\/wp-json\/wp\/v2\/media?parent=17460"}],"wp:term":[{"taxonomy":"category","embeddable":true,"href":"https:\/\/eldiariodesanpedro.com.ar\/sitio\/wp-json\/wp\/v2\/categories?post=17460"},{"taxonomy":"post_tag","embeddable":true,"href":"https:\/\/eldiariodesanpedro.com.ar\/sitio\/wp-json\/wp\/v2\/tags?post=17460"}],"curies":[{"name":"wp","href":"https:\/\/api.w.org\/{rel}","templated":true}]}}