{"id":17455,"date":"2017-04-17T21:08:05","date_gmt":"2017-04-18T00:08:05","guid":{"rendered":"https:\/\/eldiariodesanpedro.com.ar\/sitio\/?p=17455"},"modified":"2017-04-17T21:08:05","modified_gmt":"2017-04-18T00:08:05","slug":"accidente-en-cruzero-general-belgrano","status":"publish","type":"post","link":"https:\/\/eldiariodesanpedro.com.ar\/sitio\/accidente-en-cruzero-general-belgrano\/","title":{"rendered":"Accidente en Cruzero General Belgrano"},"content":{"rendered":"<p><!-- VideographyWP Plugin Message: Automatic video embedding prevented by plugin options. --><br \/>\nEn la noche de hoy cercanas las 20:00 hs se produjo un accidente de transito por una moto que perdi\u00f3 el control en la zona que se esta trabajando en el arreglo del pavimento.<\/p>\n<p>La motocicleta tipo 110 cc era conducido por un hombre mayor de edad y era acompa\u00f1ado por su hija de 13 a\u00f1os los dos de R\u00edo tala, cuando se dirig\u00edan hacia su localidad por la Av. Crucero General Belgrano en uno de los tramos que se encuentran trabajando la empresa constructora existe un desnivel, la moto al pasar en ese lugar pierde el control cayendo y golpe\u00e1ndose.<\/p>\n<p>La menor sufri\u00f3 una herida en su rodilla y su padre golpes en uno de sus brazos y piernas, cabe destacar que al llevar los dos casco puesto no sufrieron ning\u00fan golpe en la cabeza, fueron trasladados al hospital sub-zonal de nuestra ciudad.<\/p>\n<p>La municipalidad de San Pedro recomienda que los conductores circulen con precauci\u00f3n y a baja velocidad en lo posible por la zona donde se contin\u00faan con las obras.<\/p>\n","protected":false},"excerpt":{"rendered":"<p>En la noche de hoy cercanas las 20:00 hs se produjo un accidente de transito por una moto que perdi\u00f3 el control en la zona que se esta trabajando en el arreglo del pavimento. La motocicleta tipo 110 cc era conducido por un hombre mayor de edad y era acompa\u00f1ado por su hija de 13 [&hellip;]<\/p>\n","protected":false},"author":4,"featured_media":17458,"comment_status":"open","ping_status":"closed","sticky":false,"template":"","format":"standard","meta":{"om_disable_all_campaigns":false,"_jetpack_memberships_contains_paid_content":false,"footnotes":""},"categories":[50,2,103],"tags":[],"class_list":["post-17455","post","type-post","status-publish","format-standard","has-post-thumbnail","hentry","category-destacadas","category-locales","category-policiales-locales"],"aioseo_notices":[],"gutentor_comment":0,"jetpack_featured_media_url":"https:\/\/eldiariodesanpedro.com.ar\/sitio\/wp-content\/uploads\/2017\/04\/IMG_20170417_204101149-e1492474026437.jpg","jetpack_shortlink":"https:\/\/wp.me\/p6RhLt-4xx","jetpack_sharing_enabled":true,"_links":{"self":[{"href":"https:\/\/eldiariodesanpedro.com.ar\/sitio\/wp-json\/wp\/v2\/posts\/17455","targetHints":{"allow":["GET"]}}],"collection":[{"href":"https:\/\/eldiariodesanpedro.com.ar\/sitio\/wp-json\/wp\/v2\/posts"}],"about":[{"href":"https:\/\/eldiariodesanpedro.com.ar\/sitio\/wp-json\/wp\/v2\/types\/post"}],"author":[{"embeddable":true,"href":"https:\/\/eldiariodesanpedro.com.ar\/sitio\/wp-json\/wp\/v2\/users\/4"}],"replies":[{"embeddable":true,"href":"https:\/\/eldiariodesanpedro.com.ar\/sitio\/wp-json\/wp\/v2\/comments?post=17455"}],"version-history":[{"count":1,"href":"https:\/\/eldiariodesanpedro.com.ar\/sitio\/wp-json\/wp\/v2\/posts\/17455\/revisions"}],"predecessor-version":[{"id":17466,"href":"https:\/\/eldiariodesanpedro.com.ar\/sitio\/wp-json\/wp\/v2\/posts\/17455\/revisions\/17466"}],"wp:featuredmedia":[{"embeddable":true,"href":"https:\/\/eldiariodesanpedro.com.ar\/sitio\/wp-json\/wp\/v2\/media\/17458"}],"wp:attachment":[{"href":"https:\/\/eldiariodesanpedro.com.ar\/sitio\/wp-json\/wp\/v2\/media?parent=17455"}],"wp:term":[{"taxonomy":"category","embeddable":true,"href":"https:\/\/eldiariodesanpedro.com.ar\/sitio\/wp-json\/wp\/v2\/categories?post=17455"},{"taxonomy":"post_tag","embeddable":true,"href":"https:\/\/eldiariodesanpedro.com.ar\/sitio\/wp-json\/wp\/v2\/tags?post=17455"}],"curies":[{"name":"wp","href":"https:\/\/api.w.org\/{rel}","templated":true}]}}