{"id":17448,"date":"2017-04-17T19:03:53","date_gmt":"2017-04-17T22:03:53","guid":{"rendered":"https:\/\/eldiariodesanpedro.com.ar\/sitio\/?p=17448"},"modified":"2017-04-17T19:03:53","modified_gmt":"2017-04-17T22:03:53","slug":"campana-dieron-de-alta-a-sergio-duarte-el-oficial-de-la-policia-local-de-campana-herido-por-motochorros-y-ya-esta-en-su-casa","status":"publish","type":"post","link":"https:\/\/eldiariodesanpedro.com.ar\/sitio\/campana-dieron-de-alta-a-sergio-duarte-el-oficial-de-la-policia-local-de-campana-herido-por-motochorros-y-ya-esta-en-su-casa\/","title":{"rendered":"CAMPANA: Dieron de alta a Sergio Duarte, el oficial de la Polic\u00eda Local de Campana herido por motochorros, y ya est\u00e1 en su casa"},"content":{"rendered":"<p><!-- VideographyWP Plugin Message: Automatic video embedding prevented by plugin options. --><br \/>\nSergio Duarte, el oficial de la Polic\u00eda Local de Campana que mantuvo un enfrentamiento con motochorros en barrio Santa Luc\u00eda a mediados de Marzo, finalmente fue dado de alta tal como hab\u00edamos adelantado este jueves.<\/p>\n<p>Familiares, amigos y compa\u00f1eros de la fuerza lo acompa\u00f1aron en su retiro de la cl\u00ednica Fitz Roy en Capital Federal. Luego de cursar casi un mes de internaci\u00f3n pudo regresar a su casa. (Enlace Critico)<\/p>\n","protected":false},"excerpt":{"rendered":"<p>Sergio Duarte, el oficial de la Polic\u00eda Local de Campana que mantuvo un enfrentamiento con motochorros en barrio Santa Luc\u00eda a mediados de Marzo, finalmente fue dado de alta tal como hab\u00edamos adelantado este jueves. Familiares, amigos y compa\u00f1eros de la fuerza lo acompa\u00f1aron en su retiro de la cl\u00ednica Fitz Roy en Capital Federal. [&hellip;]<\/p>\n","protected":false},"author":4,"featured_media":17450,"comment_status":"open","ping_status":"closed","sticky":false,"template":"","format":"standard","meta":{"om_disable_all_campaigns":false,"_jetpack_memberships_contains_paid_content":false,"footnotes":""},"categories":[621],"tags":[],"class_list":["post-17448","post","type-post","status-publish","format-standard","has-post-thumbnail","hentry","category-regionales"],"aioseo_notices":[],"gutentor_comment":0,"jetpack_featured_media_url":"https:\/\/eldiariodesanpedro.com.ar\/sitio\/wp-content\/uploads\/2017\/04\/Sergio-Duarte-el-oficial-herido-por-motochorros.jpg","jetpack_shortlink":"https:\/\/wp.me\/p6RhLt-4xq","jetpack_sharing_enabled":true,"_links":{"self":[{"href":"https:\/\/eldiariodesanpedro.com.ar\/sitio\/wp-json\/wp\/v2\/posts\/17448","targetHints":{"allow":["GET"]}}],"collection":[{"href":"https:\/\/eldiariodesanpedro.com.ar\/sitio\/wp-json\/wp\/v2\/posts"}],"about":[{"href":"https:\/\/eldiariodesanpedro.com.ar\/sitio\/wp-json\/wp\/v2\/types\/post"}],"author":[{"embeddable":true,"href":"https:\/\/eldiariodesanpedro.com.ar\/sitio\/wp-json\/wp\/v2\/users\/4"}],"replies":[{"embeddable":true,"href":"https:\/\/eldiariodesanpedro.com.ar\/sitio\/wp-json\/wp\/v2\/comments?post=17448"}],"version-history":[{"count":1,"href":"https:\/\/eldiariodesanpedro.com.ar\/sitio\/wp-json\/wp\/v2\/posts\/17448\/revisions"}],"predecessor-version":[{"id":17451,"href":"https:\/\/eldiariodesanpedro.com.ar\/sitio\/wp-json\/wp\/v2\/posts\/17448\/revisions\/17451"}],"wp:featuredmedia":[{"embeddable":true,"href":"https:\/\/eldiariodesanpedro.com.ar\/sitio\/wp-json\/wp\/v2\/media\/17450"}],"wp:attachment":[{"href":"https:\/\/eldiariodesanpedro.com.ar\/sitio\/wp-json\/wp\/v2\/media?parent=17448"}],"wp:term":[{"taxonomy":"category","embeddable":true,"href":"https:\/\/eldiariodesanpedro.com.ar\/sitio\/wp-json\/wp\/v2\/categories?post=17448"},{"taxonomy":"post_tag","embeddable":true,"href":"https:\/\/eldiariodesanpedro.com.ar\/sitio\/wp-json\/wp\/v2\/tags?post=17448"}],"curies":[{"name":"wp","href":"https:\/\/api.w.org\/{rel}","templated":true}]}}