{"id":17442,"date":"2017-04-17T19:01:06","date_gmt":"2017-04-17T22:01:06","guid":{"rendered":"https:\/\/eldiariodesanpedro.com.ar\/sitio\/?p=17442"},"modified":"2017-04-17T19:01:06","modified_gmt":"2017-04-17T22:01:06","slug":"zarate-encontraron-ahogado-al-nene-de-un-ano-que-era-intensamente-buscado","status":"publish","type":"post","link":"https:\/\/eldiariodesanpedro.com.ar\/sitio\/zarate-encontraron-ahogado-al-nene-de-un-ano-que-era-intensamente-buscado\/","title":{"rendered":"Z\u00c1RATE: Encontraron ahogado al nene de un a\u00f1o que era intensamente buscado"},"content":{"rendered":"<p><!-- VideographyWP Plugin Message: Automatic video embedding prevented by plugin options. --><br \/>\nEl nene, de solamente un a\u00f1o, hab\u00eda desaparecido en la tarde de este domingo en el Club N\u00e1utico Arsenal.<\/p>\n<p>Personal de Prefectura Naval, Bomberos Voluntarios de Z\u00e1rate y los canes de la Brigada K9 de Campana, encontraron sumergido el cuerpito de Francisco Tob\u00edas Casta\u00f1o, el peque\u00f1o de un a\u00f1o que se hab\u00eda perdido en la tarde de este domingo en el Club N\u00e1utico Arsenal.<\/p>\n<p>Estaba a unos cinco metros del embarcadero en el canal de acceso a las marinas. (http:\/\/www.enlacecritico.com)<\/p>\n","protected":false},"excerpt":{"rendered":"<p>El nene, de solamente un a\u00f1o, hab\u00eda desaparecido en la tarde de este domingo en el Club N\u00e1utico Arsenal. Personal de Prefectura Naval, Bomberos Voluntarios de Z\u00e1rate y los canes de la Brigada K9 de Campana, encontraron sumergido el cuerpito de Francisco Tob\u00edas Casta\u00f1o, el peque\u00f1o de un a\u00f1o que se hab\u00eda perdido en la [&hellip;]<\/p>\n","protected":false},"author":4,"featured_media":17444,"comment_status":"open","ping_status":"closed","sticky":false,"template":"","format":"standard","meta":{"om_disable_all_campaigns":false,"_jetpack_memberships_contains_paid_content":false,"footnotes":""},"categories":[621],"tags":[],"class_list":["post-17442","post","type-post","status-publish","format-standard","has-post-thumbnail","hentry","category-regionales"],"aioseo_notices":[],"gutentor_comment":0,"jetpack_featured_media_url":"https:\/\/eldiariodesanpedro.com.ar\/sitio\/wp-content\/uploads\/2017\/04\/Encontraron-ahogado-al-nene-de-un-a\u00f1o-que-era-intensamente-buscado.jpg","jetpack_shortlink":"https:\/\/wp.me\/p6RhLt-4xk","jetpack_sharing_enabled":true,"_links":{"self":[{"href":"https:\/\/eldiariodesanpedro.com.ar\/sitio\/wp-json\/wp\/v2\/posts\/17442","targetHints":{"allow":["GET"]}}],"collection":[{"href":"https:\/\/eldiariodesanpedro.com.ar\/sitio\/wp-json\/wp\/v2\/posts"}],"about":[{"href":"https:\/\/eldiariodesanpedro.com.ar\/sitio\/wp-json\/wp\/v2\/types\/post"}],"author":[{"embeddable":true,"href":"https:\/\/eldiariodesanpedro.com.ar\/sitio\/wp-json\/wp\/v2\/users\/4"}],"replies":[{"embeddable":true,"href":"https:\/\/eldiariodesanpedro.com.ar\/sitio\/wp-json\/wp\/v2\/comments?post=17442"}],"version-history":[{"count":1,"href":"https:\/\/eldiariodesanpedro.com.ar\/sitio\/wp-json\/wp\/v2\/posts\/17442\/revisions"}],"predecessor-version":[{"id":17446,"href":"https:\/\/eldiariodesanpedro.com.ar\/sitio\/wp-json\/wp\/v2\/posts\/17442\/revisions\/17446"}],"wp:featuredmedia":[{"embeddable":true,"href":"https:\/\/eldiariodesanpedro.com.ar\/sitio\/wp-json\/wp\/v2\/media\/17444"}],"wp:attachment":[{"href":"https:\/\/eldiariodesanpedro.com.ar\/sitio\/wp-json\/wp\/v2\/media?parent=17442"}],"wp:term":[{"taxonomy":"category","embeddable":true,"href":"https:\/\/eldiariodesanpedro.com.ar\/sitio\/wp-json\/wp\/v2\/categories?post=17442"},{"taxonomy":"post_tag","embeddable":true,"href":"https:\/\/eldiariodesanpedro.com.ar\/sitio\/wp-json\/wp\/v2\/tags?post=17442"}],"curies":[{"name":"wp","href":"https:\/\/api.w.org\/{rel}","templated":true}]}}