{"id":17440,"date":"2017-04-17T18:57:19","date_gmt":"2017-04-17T21:57:19","guid":{"rendered":"https:\/\/eldiariodesanpedro.com.ar\/sitio\/?p=17440"},"modified":"2017-04-17T18:57:19","modified_gmt":"2017-04-17T21:57:19","slug":"los-jubilados-y-sus-abogados-tienen-que-registrar-su-huella-digital","status":"publish","type":"post","link":"https:\/\/eldiariodesanpedro.com.ar\/sitio\/los-jubilados-y-sus-abogados-tienen-que-registrar-su-huella-digital\/","title":{"rendered":"Los jubilados y sus abogados tienen que registrar su huella digital"},"content":{"rendered":"<p><!-- VideographyWP Plugin Message: Automatic video embedding prevented by plugin options. --><br \/>\nLa ANSES recuerda que, para adherirse al Programa de Reparaci\u00f3n Hist\u00f3rica, jubilados y pensionados y abogados que los representen deber\u00e1n registrar su huella en las oficinas del organismo previa solicitud de turno en www.anses.gob.ar. <\/p>\n<p>Es importante destacar que aquellos que ya hubieran registrado su huella anteriormente no deber\u00e1n repetir el tr\u00e1mite. <\/p>\n<p>Para ello, deber\u00e1n ingresar en www.anses.gob.ar, secci\u00f3n Turnos Online, elegir Solicitar turno, opci\u00f3n Mi Huella y optar por el tr\u00e1mite Mi Huella &#8211; Enrolamiento. Posteriormente, indicar\u00e1n su n\u00famero de CUIL, sus datos de contacto y har\u00e1n clic en Continuar. <\/p>\n<p><strong>Grupo de pago para ma\u00f1ana<\/strong><br \/>\nJubilados y pensionados cuyos haberes no superan los $7266 y sus documentos terminan en 6. <\/p>\n<p>Titulares de la Asignaci\u00f3n Universal por Hijo para Protecci\u00f3n Social, por Embarazo y PROGRESAR cuyos documentos terminan en 7.<\/p>\n<p>Los calendarios de pagos de todas las prestaciones pueden consultarse en www.anses.gob.ar. <\/p>\n","protected":false},"excerpt":{"rendered":"<p>La ANSES recuerda que, para adherirse al Programa de Reparaci\u00f3n Hist\u00f3rica, jubilados y pensionados y abogados que los representen deber\u00e1n registrar su huella en las oficinas del organismo previa solicitud de turno en www.anses.gob.ar. Es importante destacar que aquellos que ya hubieran registrado su huella anteriormente no deber\u00e1n repetir el tr\u00e1mite. Para ello, deber\u00e1n ingresar [&hellip;]<\/p>\n","protected":false},"author":4,"featured_media":3392,"comment_status":"open","ping_status":"closed","sticky":false,"template":"","format":"standard","meta":{"om_disable_all_campaigns":false,"_jetpack_memberships_contains_paid_content":false,"footnotes":""},"categories":[101,2],"tags":[],"class_list":["post-17440","post","type-post","status-publish","format-standard","has-post-thumbnail","hentry","category-interes-general-locales","category-locales"],"aioseo_notices":[],"gutentor_comment":0,"jetpack_featured_media_url":"https:\/\/eldiariodesanpedro.com.ar\/sitio\/wp-content\/uploads\/2016\/04\/MAT7-ANSES2.jpg","jetpack_shortlink":"https:\/\/wp.me\/p6RhLt-4xi","jetpack_sharing_enabled":true,"_links":{"self":[{"href":"https:\/\/eldiariodesanpedro.com.ar\/sitio\/wp-json\/wp\/v2\/posts\/17440","targetHints":{"allow":["GET"]}}],"collection":[{"href":"https:\/\/eldiariodesanpedro.com.ar\/sitio\/wp-json\/wp\/v2\/posts"}],"about":[{"href":"https:\/\/eldiariodesanpedro.com.ar\/sitio\/wp-json\/wp\/v2\/types\/post"}],"author":[{"embeddable":true,"href":"https:\/\/eldiariodesanpedro.com.ar\/sitio\/wp-json\/wp\/v2\/users\/4"}],"replies":[{"embeddable":true,"href":"https:\/\/eldiariodesanpedro.com.ar\/sitio\/wp-json\/wp\/v2\/comments?post=17440"}],"version-history":[{"count":1,"href":"https:\/\/eldiariodesanpedro.com.ar\/sitio\/wp-json\/wp\/v2\/posts\/17440\/revisions"}],"predecessor-version":[{"id":17443,"href":"https:\/\/eldiariodesanpedro.com.ar\/sitio\/wp-json\/wp\/v2\/posts\/17440\/revisions\/17443"}],"wp:featuredmedia":[{"embeddable":true,"href":"https:\/\/eldiariodesanpedro.com.ar\/sitio\/wp-json\/wp\/v2\/media\/3392"}],"wp:attachment":[{"href":"https:\/\/eldiariodesanpedro.com.ar\/sitio\/wp-json\/wp\/v2\/media?parent=17440"}],"wp:term":[{"taxonomy":"category","embeddable":true,"href":"https:\/\/eldiariodesanpedro.com.ar\/sitio\/wp-json\/wp\/v2\/categories?post=17440"},{"taxonomy":"post_tag","embeddable":true,"href":"https:\/\/eldiariodesanpedro.com.ar\/sitio\/wp-json\/wp\/v2\/tags?post=17440"}],"curies":[{"name":"wp","href":"https:\/\/api.w.org\/{rel}","templated":true}]}}