{"id":17436,"date":"2017-04-17T18:51:23","date_gmt":"2017-04-17T21:51:23","guid":{"rendered":"https:\/\/eldiariodesanpedro.com.ar\/sitio\/?p=17436"},"modified":"2017-04-17T18:51:23","modified_gmt":"2017-04-17T21:51:23","slug":"corte-de-eneregia-programado-para-manana","status":"publish","type":"post","link":"https:\/\/eldiariodesanpedro.com.ar\/sitio\/corte-de-eneregia-programado-para-manana\/","title":{"rendered":"Corte de enereg\u00eda programado para ma\u00f1ana"},"content":{"rendered":"<p><!-- VideographyWP Plugin Message: Automatic video embedding prevented by plugin options. --><br \/>\nCoopser ha dado a conocer que se program\u00f3 para este martes un corte de energ\u00eda el\u00e9ctrica por tareas de mantenimiento entre las 7.30 y las 9 cubriendo la siguiente zona:<\/p>\n<p>La Laguna entre el 1100 y el 1600<br \/>\nLavalle 850 al 1100<br \/>\nRio Bamba del 800 al 1000<br \/>\nChacabuco del 900 al 1000<\/p>\n<p>En caso de mal tiempo, se reprogramar\u00e1.<\/p>\n","protected":false},"excerpt":{"rendered":"<p>Coopser ha dado a conocer que se program\u00f3 para este martes un corte de energ\u00eda el\u00e9ctrica por tareas de mantenimiento entre las 7.30 y las 9 cubriendo la siguiente zona: La Laguna entre el 1100 y el 1600 Lavalle 850 al 1100 Rio Bamba del 800 al 1000 Chacabuco del 900 al 1000 En caso [&hellip;]<\/p>\n","protected":false},"author":4,"featured_media":6360,"comment_status":"open","ping_status":"closed","sticky":false,"template":"","format":"standard","meta":{"om_disable_all_campaigns":false,"_jetpack_memberships_contains_paid_content":false,"footnotes":""},"categories":[101,2],"tags":[],"class_list":["post-17436","post","type-post","status-publish","format-standard","has-post-thumbnail","hentry","category-interes-general-locales","category-locales"],"aioseo_notices":[],"gutentor_comment":0,"jetpack_featured_media_url":"https:\/\/eldiariodesanpedro.com.ar\/sitio\/wp-content\/uploads\/2016\/07\/coopser.jpg","jetpack_shortlink":"https:\/\/wp.me\/p6RhLt-4xe","jetpack_sharing_enabled":true,"_links":{"self":[{"href":"https:\/\/eldiariodesanpedro.com.ar\/sitio\/wp-json\/wp\/v2\/posts\/17436","targetHints":{"allow":["GET"]}}],"collection":[{"href":"https:\/\/eldiariodesanpedro.com.ar\/sitio\/wp-json\/wp\/v2\/posts"}],"about":[{"href":"https:\/\/eldiariodesanpedro.com.ar\/sitio\/wp-json\/wp\/v2\/types\/post"}],"author":[{"embeddable":true,"href":"https:\/\/eldiariodesanpedro.com.ar\/sitio\/wp-json\/wp\/v2\/users\/4"}],"replies":[{"embeddable":true,"href":"https:\/\/eldiariodesanpedro.com.ar\/sitio\/wp-json\/wp\/v2\/comments?post=17436"}],"version-history":[{"count":1,"href":"https:\/\/eldiariodesanpedro.com.ar\/sitio\/wp-json\/wp\/v2\/posts\/17436\/revisions"}],"predecessor-version":[{"id":17438,"href":"https:\/\/eldiariodesanpedro.com.ar\/sitio\/wp-json\/wp\/v2\/posts\/17436\/revisions\/17438"}],"wp:featuredmedia":[{"embeddable":true,"href":"https:\/\/eldiariodesanpedro.com.ar\/sitio\/wp-json\/wp\/v2\/media\/6360"}],"wp:attachment":[{"href":"https:\/\/eldiariodesanpedro.com.ar\/sitio\/wp-json\/wp\/v2\/media?parent=17436"}],"wp:term":[{"taxonomy":"category","embeddable":true,"href":"https:\/\/eldiariodesanpedro.com.ar\/sitio\/wp-json\/wp\/v2\/categories?post=17436"},{"taxonomy":"post_tag","embeddable":true,"href":"https:\/\/eldiariodesanpedro.com.ar\/sitio\/wp-json\/wp\/v2\/tags?post=17436"}],"curies":[{"name":"wp","href":"https:\/\/api.w.org\/{rel}","templated":true}]}}