{"id":17432,"date":"2017-04-17T18:42:43","date_gmt":"2017-04-17T21:42:43","guid":{"rendered":"https:\/\/eldiariodesanpedro.com.ar\/sitio\/?p=17432"},"modified":"2017-04-17T18:42:43","modified_gmt":"2017-04-17T21:42:43","slug":"el-municipio-firmo-el-boleto-de-compra-venta-por-el-terreno-de-la-tosquera","status":"publish","type":"post","link":"https:\/\/eldiariodesanpedro.com.ar\/sitio\/el-municipio-firmo-el-boleto-de-compra-venta-por-el-terreno-de-la-tosquera\/","title":{"rendered":"El Municipio firm\u00f3 el boleto de compra venta por el terreno de La Tosquera"},"content":{"rendered":"<p><!-- VideographyWP Plugin Message: Automatic video embedding prevented by plugin options. --><br \/>\nEn la ma\u00f1ana de hoy, se firm\u00f3 en el despacho del Intendente Municipal la firma del boleto de compraventa del terreno que el municipio adquiri\u00f3 en la zona de \u201cLa Tosquera\u201d. El mismo tuvo un costo de $1.700.000 y los fondos provienen del \u201cBanco de Tierras Municipal\u201d.<\/p>\n<p>Guillermo Perazza, due\u00f1o del predio, cont\u00f3: \u201cEse lugar lo compramos porque era una quinta muy linda en su momento\u201d y \u201cse iba a ocupar mi sobrino pero cambiamos de proyecto y despu\u00e9s \u00e9l empez\u00f3 con la idea de que deb\u00edamos contribuir con la comunidad, son m\u00e1s de 5 hect\u00e1reas, es un terreno muy interesante y es para beneficios de todos\u201d.<\/p>\n<p>\u201cEstamos muy lejos, no nos podemos ocupar pero tiene muchas bondades. Est\u00e1 muy alto, bien puesto, con linda vista, con espacios para recreaci\u00f3n para los chicos del colegio\u201d, agreg\u00f3.<\/p>\n<p>Al tiempo que sostuvo: \u201cEs un precio justo, tal vez nosotros contribuimos un poco bajandolo en todo el bien que se les hace a esos chicos y la comunidad. Por eso llegamos a un precio razonable, lo pelearon muy bien las autoridades\u201d.<\/p>\n<p>Al tiempo que el Mandatario Comunal, dijo: \u201cEs un d\u00eda importante\u201d y \u201cla realidad es que esa es una zona olvidada de muchos a\u00f1os\u201d.<\/p>\n<p>\u201cLo que pensamos hacer el nuevo centro de salud, establecer el destacamento policial que ya desde la provincia nos dijeron que est\u00e1 autorizado y construir la nueva escuela que ahora est\u00e1 pr\u00e1cticamente para la barranca que se ha ido comiendo y el edificio ha quedado muy al borde\u201d, se\u00f1al\u00f3 luego Salazar.<\/p>\n<p>\u201cEleonora Taurizano y la gente del Consejo Escolar estaban gestionando para que desde la provincia se construya una nueva escuela ah\u00ed\u201d, asever\u00f3 seguidamente.<\/p>\n<p>\u201cEn el futuro veremos si podemos hacer viviendas ah\u00ed, ser\u00eda muy importante\u201d dijo y aclar\u00f3 no hay nada todav\u00eda, \u201cno hemos iniciado ning\u00fan tipo de proyecto\u201d.<\/p>\n<p>\u201cLa idea es que San Pedro vuelva a tener terrenos y nos nos pase como ahora que uno de los problemas que ten\u00eda es que habiendo tanta tierra en San Pedro que el municipio no tenga nada\u201d, finaliz\u00f3.<\/p>\n","protected":false},"excerpt":{"rendered":"<p>En la ma\u00f1ana de hoy, se firm\u00f3 en el despacho del Intendente Municipal la firma del boleto de compraventa del terreno que el municipio adquiri\u00f3 en la zona de \u201cLa Tosquera\u201d. El mismo tuvo un costo de $1.700.000 y los fondos provienen del \u201cBanco de Tierras Municipal\u201d. Guillermo Perazza, due\u00f1o del predio, cont\u00f3: \u201cEse lugar [&hellip;]<\/p>\n","protected":false},"author":4,"featured_media":17434,"comment_status":"open","ping_status":"closed","sticky":false,"template":"","format":"standard","meta":{"om_disable_all_campaigns":false,"_jetpack_memberships_contains_paid_content":false,"footnotes":""},"categories":[2,102],"tags":[],"class_list":["post-17432","post","type-post","status-publish","format-standard","has-post-thumbnail","hentry","category-locales","category-politica-locales"],"aioseo_notices":[],"gutentor_comment":0,"jetpack_featured_media_url":"https:\/\/eldiariodesanpedro.com.ar\/sitio\/wp-content\/uploads\/2017\/04\/La-firma-del-boleto-de-compraventa-del-terreno.jpg","jetpack_shortlink":"https:\/\/wp.me\/p6RhLt-4xa","jetpack_sharing_enabled":true,"_links":{"self":[{"href":"https:\/\/eldiariodesanpedro.com.ar\/sitio\/wp-json\/wp\/v2\/posts\/17432","targetHints":{"allow":["GET"]}}],"collection":[{"href":"https:\/\/eldiariodesanpedro.com.ar\/sitio\/wp-json\/wp\/v2\/posts"}],"about":[{"href":"https:\/\/eldiariodesanpedro.com.ar\/sitio\/wp-json\/wp\/v2\/types\/post"}],"author":[{"embeddable":true,"href":"https:\/\/eldiariodesanpedro.com.ar\/sitio\/wp-json\/wp\/v2\/users\/4"}],"replies":[{"embeddable":true,"href":"https:\/\/eldiariodesanpedro.com.ar\/sitio\/wp-json\/wp\/v2\/comments?post=17432"}],"version-history":[{"count":1,"href":"https:\/\/eldiariodesanpedro.com.ar\/sitio\/wp-json\/wp\/v2\/posts\/17432\/revisions"}],"predecessor-version":[{"id":17435,"href":"https:\/\/eldiariodesanpedro.com.ar\/sitio\/wp-json\/wp\/v2\/posts\/17432\/revisions\/17435"}],"wp:featuredmedia":[{"embeddable":true,"href":"https:\/\/eldiariodesanpedro.com.ar\/sitio\/wp-json\/wp\/v2\/media\/17434"}],"wp:attachment":[{"href":"https:\/\/eldiariodesanpedro.com.ar\/sitio\/wp-json\/wp\/v2\/media?parent=17432"}],"wp:term":[{"taxonomy":"category","embeddable":true,"href":"https:\/\/eldiariodesanpedro.com.ar\/sitio\/wp-json\/wp\/v2\/categories?post=17432"},{"taxonomy":"post_tag","embeddable":true,"href":"https:\/\/eldiariodesanpedro.com.ar\/sitio\/wp-json\/wp\/v2\/tags?post=17432"}],"curies":[{"name":"wp","href":"https:\/\/api.w.org\/{rel}","templated":true}]}}